{"id":4231,"date":"2024-03-14T16:14:30","date_gmt":"2024-03-14T15:14:30","guid":{"rendered":"https:\/\/www.welzijncapelle.nl\/?p=4231"},"modified":"2024-03-20T16:46:14","modified_gmt":"2024-03-20T15:46:14","slug":"lotgenoten-mantelzorg","status":"publish","type":"post","link":"https:\/\/capelle.ratiodesign.dev\/welzijn\/nieuws\/lotgenoten-mantelzorg\/","title":{"rendered":"lotgenoten mantelzorg"},"content":{"rendered":"\n<div class=\"wp-block-group is-layout-constrained wp-container-core-group-is-layout-8e6cae0a wp-block-group-is-layout-constrained\" style=\"padding-top:var(--wp--preset--spacing--5);padding-bottom:var(--wp--preset--spacing--5)\">\n<h1 class=\"wp-block-heading\"><strong>Steungroepen voor mantelzorgers<\/strong><\/h1>\n\n\n\n<p class=\"has-blue-color has-text-color has-medium-font-size\">Mensen die langere tijd onbetaald voor een Capellenaar zorgen, kunnen voor vragen en advies terecht bij Mantelzorg Capelle. Mantelzorgcoaches Benita en Danja runnen ook steungroepen voor mantelzorgers van mensen met dementie of parkinson. Een mantelzorger: \u2018De groep heeft aan een half woord genoeg, ze snappen precies wat ik bedoel.&#8217;<\/p>\n\n\n\n<div class=\"wp-block-columns is-layout-flex wp-container-core-columns-is-layout-082f2549 wp-block-columns-is-layout-flex\">\n<div class=\"wp-block-column is-layout-flow wp-container-core-column-is-layout-16b3bfcb wp-block-column-is-layout-flow\">\n<div class=\"wp-block-group is-layout-constrained wp-block-group-is-layout-constrained\">\n<p>Mantelzorgers en de mantelzorgcoach ontmoeten elkaar bij de steungroepen SAMen Dementie en SAMen Parkinson. SAM staat voor Steun Aan Mantelzorgers. SAMen Dementie is speciaal voor mantelzorgers van iemand met een vorm van dementie; SAMen Parkinson voor iemand met parkinson of parkinsonisme. Beide groepen komen om de maand bij elkaar in Oostgaarde.<\/p>\n\n\n\n<p><strong>Waarom meedoen?<\/strong><br>Mantelzorgcoach Danja: \u2018Je ervaringen te delen met mensen die in dezelfde situatie zitten kan fijn zijn. Je kunt er steun uit halen, en anderen misschien zelf weer tips geven. Als je vragen hebt over je mantelzorgsituatie, kunnen andere mantelzorgers of wij mantelzorgcoaches die beantwoorden. Verder hebben we regelmatig thema-avonden over specifieke onderwerpen. Met bijvoorbeeld informatie over hulpmiddelen in huis, of over een levenstestament.\u2019<\/p>\n<\/div>\n<\/div>\n\n\n\n<div class=\"wp-block-column is-layout-flow wp-container-core-column-is-layout-16b3bfcb wp-block-column-is-layout-flow\"><figure class=\"wp-block-post-featured-image\"><a href=\"https:\/\/capelle.ratiodesign.dev\/welzijn\/nieuws\/lotgenoten-mantelzorg\/\" target=\"_self\"  ><img loading=\"lazy\" decoding=\"async\" width=\"2716\" height=\"1810\" src=\"https:\/\/capelle.ratiodesign.dev\/welzijn\/wp-content\/uploads\/sites\/9\/2024\/03\/coffee-cups.jpg\" class=\"attachment-post-thumbnail size-post-thumbnail wp-post-image\" alt=\"lotgenoten mantelzorg\" style=\"object-fit:cover;\" srcset=\"https:\/\/capelle.ratiodesign.dev\/welzijn\/wp-content\/uploads\/sites\/9\/2024\/03\/coffee-cups.jpg 2716w, https:\/\/capelle.ratiodesign.dev\/welzijn\/wp-content\/uploads\/sites\/9\/2024\/03\/coffee-cups-300x200.jpg 300w, https:\/\/capelle.ratiodesign.dev\/welzijn\/wp-content\/uploads\/sites\/9\/2024\/03\/coffee-cups-1024x682.jpg 1024w, https:\/\/capelle.ratiodesign.dev\/welzijn\/wp-content\/uploads\/sites\/9\/2024\/03\/coffee-cups-1000x666.jpg 1000w, https:\/\/capelle.ratiodesign.dev\/welzijn\/wp-content\/uploads\/sites\/9\/2024\/03\/coffee-cups-2000x1333.jpg 2000w\" sizes=\"auto, (max-width: 2716px) 100vw, 2716px\" \/><\/a><\/figure><\/div>\n<\/div>\n\n\n\n<p><strong>Wat bieden de mantelzorgcoaches?<\/strong><br>Mensen die liever een \u00e9\u00e9n-op-\u00e9\u00e9n-gesprek willen, kunnen contact opnemen met de mantelzorgcoaches via mantelzorgcapelle@welzijncapelle.nu of 010 &#8211; 264 02 20. Die staan klaar voor informatie, advies of met een luisterend oor. Soms is ook vervangende mantelzorg mogelijk, bijvoorbeeld als de mantelzorger geopereerd moet worden of vakantie nodig heeft. De persoon die verzorgd wordt, kan dan korte tijd logeren in een zorgpension.<\/p>\n\n\n\n<p><strong>Locatie, data steungroepen en aanmelden<\/strong><\/p>\n\n\n\n<ul class=\"wp-block-list\">\n<li>De eerstvolgende bijeenkomst van SAMen Dementie is op dinsdag 21 mei, 13.30 &#8211; 15.30 uur, in Huis van de Wijk Oostgaarde (De Linie 5). Mantelzorgcoach Benita Rook begeleidt.<\/li>\n\n\n\n<li>De eerstvolgende bijeenkomst van SAMen Parkinson is op woensdag 29 mei, 14.00 &#8211; 15.30 uur, bij Welzijn Capelle (De Linie 7E). Mantelzorgcoach Danja Visser begeleidt.<\/li>\n<\/ul>\n\n\n\n<p>Voor beide groepen graag van tevoren aanmelden via <a href=\"tel:\" target=\"_blank\" rel=\"noreferrer noopener\">010 &#8211; 264 02 20<\/a> of <a href=\"mailto:vip@welzijncapelle.nu\" target=\"_blank\" rel=\"noreferrer noopener\">vip@welzijncapelle.nu<\/a>.<\/p>\n\n\n\n<p><strong>Informatiebijeenkomst 22 mei<\/strong><br>Wie niet naar de steungroepen kan of wil komen: de mantelzorgcoaches organiseren ook een informatiebijeenkomst mantelzorg op woensdag 22 mei, 19.00 &#8211; 21.00 uur, in Huis van de Wijk Oostgaarde (De Linie 5). Aanmelden kan via  <a href=\"tel:\" target=\"_blank\" rel=\"noreferrer noopener\">010 &#8211; 264 02 20<\/a> of <a href=\"mailto:vip@welzijncapelle.nu\" target=\"_blank\" rel=\"noreferrer noopener\">vip@welzijncapelle.nu<\/a>.<\/p>\n\n\n\n<p><em>Mantelzorg Capelle is onderdeel van Welzijn Capelle.<\/em><\/p>\n<\/div>\n","protected":false},"excerpt":{"rendered":"<p>De steungroepen voor mantelzorgers van mensen met dementie of parkinson komen om de maand bij elkaar.<\/p>\n","protected":false},"author":1,"featured_media":4232,"comment_status":"open","ping_status":"open","sticky":false,"template":"","format":"standard","meta":{"footnotes":""},"categories":[],"tags":[],"age":[34,33],"area":[],"theme":[41],"class_list":["post-4231","post","type-post","status-publish","format-standard","has-post-thumbnail","hentry","age-senioren","age-volwassenen","theme-ondersteuning-advies"],"yoast_head":"<!-- This site is optimized with the Yoast SEO plugin v23.5 - https:\/\/yoast.com\/wordpress\/plugins\/seo\/ -->\n<title>lotgenoten mantelzorg - Welzijn Capelle<\/title>\n<meta name=\"robots\" content=\"index, follow, max-snippet:-1, max-image-preview:large, max-video-preview:-1\" \/>\n<link rel=\"canonical\" href=\"https:\/\/capelle.ratiodesign.dev\/welzijn\/nieuws\/lotgenoten-mantelzorg\/\" \/>\n<meta property=\"og:locale\" content=\"nl_NL\" \/>\n<meta property=\"og:type\" content=\"article\" \/>\n<meta property=\"og:title\" content=\"lotgenoten mantelzorg - Welzijn Capelle\" \/>\n<meta property=\"og:description\" content=\"De steungroepen voor mantelzorgers van mensen met dementie of parkinson komen om de maand bij elkaar.\" \/>\n<meta property=\"og:url\" content=\"https:\/\/capelle.ratiodesign.dev\/welzijn\/nieuws\/lotgenoten-mantelzorg\/\" \/>\n<meta property=\"og:site_name\" content=\"Welzijn Capelle\" \/>\n<meta property=\"article:published_time\" content=\"2024-03-14T15:14:30+00:00\" \/>\n<meta property=\"article:modified_time\" content=\"2024-03-20T15:46:14+00:00\" \/>\n<meta property=\"og:image\" content=\"https:\/\/capelle.ratiodesign.dev\/welzijn\/wp-content\/uploads\/sites\/9\/2024\/03\/coffee-cups-1024x682.jpg\" \/>\n\t<meta property=\"og:image:width\" content=\"1024\" \/>\n\t<meta property=\"og:image:height\" content=\"682\" \/>\n\t<meta property=\"og:image:type\" content=\"image\/jpeg\" \/>\n<meta name=\"author\" content=\"admin\" \/>\n<meta name=\"twitter:card\" content=\"summary_large_image\" \/>\n<meta name=\"twitter:label1\" content=\"Geschreven door\" \/>\n\t<meta name=\"twitter:data1\" content=\"admin\" \/>\n\t<meta name=\"twitter:label2\" content=\"Geschatte leestijd\" \/>\n\t<meta name=\"twitter:data2\" content=\"2 minuten\" \/>\n<script type=\"application\/ld+json\" class=\"yoast-schema-graph\">{\"@context\":\"https:\/\/schema.org\",\"@graph\":[{\"@type\":\"Article\",\"@id\":\"https:\/\/capelle.ratiodesign.dev\/welzijn\/nieuws\/lotgenoten-mantelzorg\/#article\",\"isPartOf\":{\"@id\":\"https:\/\/capelle.ratiodesign.dev\/welzijn\/nieuws\/lotgenoten-mantelzorg\/\"},\"author\":{\"name\":\"admin\",\"@id\":\"https:\/\/capelle.ratiodesign.dev\/welzijn\/#\/schema\/person\/fb4ce06452f744ff6b772cb7720e69db\"},\"headline\":\"lotgenoten mantelzorg\",\"datePublished\":\"2024-03-14T15:14:30+00:00\",\"dateModified\":\"2024-03-20T15:46:14+00:00\",\"mainEntityOfPage\":{\"@id\":\"https:\/\/capelle.ratiodesign.dev\/welzijn\/nieuws\/lotgenoten-mantelzorg\/\"},\"wordCount\":344,\"commentCount\":0,\"publisher\":{\"@id\":\"https:\/\/capelle.ratiodesign.dev\/welzijn\/#organization\"},\"image\":{\"@id\":\"https:\/\/capelle.ratiodesign.dev\/welzijn\/nieuws\/lotgenoten-mantelzorg\/#primaryimage\"},\"thumbnailUrl\":\"https:\/\/capelle.ratiodesign.dev\/welzijn\/wp-content\/uploads\/sites\/9\/2024\/03\/coffee-cups.jpg\",\"inLanguage\":\"nl-NL\",\"potentialAction\":[{\"@type\":\"CommentAction\",\"name\":\"Comment\",\"target\":[\"https:\/\/capelle.ratiodesign.dev\/welzijn\/nieuws\/lotgenoten-mantelzorg\/#respond\"]}]},{\"@type\":\"WebPage\",\"@id\":\"https:\/\/capelle.ratiodesign.dev\/welzijn\/nieuws\/lotgenoten-mantelzorg\/\",\"url\":\"https:\/\/capelle.ratiodesign.dev\/welzijn\/nieuws\/lotgenoten-mantelzorg\/\",\"name\":\"lotgenoten mantelzorg - Welzijn Capelle\",\"isPartOf\":{\"@id\":\"https:\/\/capelle.ratiodesign.dev\/welzijn\/#website\"},\"primaryImageOfPage\":{\"@id\":\"https:\/\/capelle.ratiodesign.dev\/welzijn\/nieuws\/lotgenoten-mantelzorg\/#primaryimage\"},\"image\":{\"@id\":\"https:\/\/capelle.ratiodesign.dev\/welzijn\/nieuws\/lotgenoten-mantelzorg\/#primaryimage\"},\"thumbnailUrl\":\"https:\/\/capelle.ratiodesign.dev\/welzijn\/wp-content\/uploads\/sites\/9\/2024\/03\/coffee-cups.jpg\",\"datePublished\":\"2024-03-14T15:14:30+00:00\",\"dateModified\":\"2024-03-20T15:46:14+00:00\",\"breadcrumb\":{\"@id\":\"https:\/\/capelle.ratiodesign.dev\/welzijn\/nieuws\/lotgenoten-mantelzorg\/#breadcrumb\"},\"inLanguage\":\"nl-NL\",\"potentialAction\":[{\"@type\":\"ReadAction\",\"target\":[\"https:\/\/capelle.ratiodesign.dev\/welzijn\/nieuws\/lotgenoten-mantelzorg\/\"]}]},{\"@type\":\"ImageObject\",\"inLanguage\":\"nl-NL\",\"@id\":\"https:\/\/capelle.ratiodesign.dev\/welzijn\/nieuws\/lotgenoten-mantelzorg\/#primaryimage\",\"url\":\"https:\/\/capelle.ratiodesign.dev\/welzijn\/wp-content\/uploads\/sites\/9\/2024\/03\/coffee-cups.jpg\",\"contentUrl\":\"https:\/\/capelle.ratiodesign.dev\/welzijn\/wp-content\/uploads\/sites\/9\/2024\/03\/coffee-cups.jpg\",\"width\":2716,\"height\":1810,\"caption\":\"Hands taking cup of coffee on wood background\"},{\"@type\":\"BreadcrumbList\",\"@id\":\"https:\/\/capelle.ratiodesign.dev\/welzijn\/nieuws\/lotgenoten-mantelzorg\/#breadcrumb\",\"itemListElement\":[{\"@type\":\"ListItem\",\"position\":1,\"name\":\"Home\",\"item\":\"https:\/\/capelle.ratiodesign.dev\/welzijn\/\"},{\"@type\":\"ListItem\",\"position\":2,\"name\":\"lotgenoten mantelzorg\"}]},{\"@type\":\"WebSite\",\"@id\":\"https:\/\/capelle.ratiodesign.dev\/welzijn\/#website\",\"url\":\"https:\/\/capelle.ratiodesign.dev\/welzijn\/\",\"name\":\"Welzijn Capelle\",\"description\":\"\",\"publisher\":{\"@id\":\"https:\/\/capelle.ratiodesign.dev\/welzijn\/#organization\"},\"potentialAction\":[{\"@type\":\"SearchAction\",\"target\":{\"@type\":\"EntryPoint\",\"urlTemplate\":\"https:\/\/capelle.ratiodesign.dev\/welzijn\/?s={search_term_string}\"},\"query-input\":{\"@type\":\"PropertyValueSpecification\",\"valueRequired\":true,\"valueName\":\"search_term_string\"}}],\"inLanguage\":\"nl-NL\"},{\"@type\":\"Organization\",\"@id\":\"https:\/\/capelle.ratiodesign.dev\/welzijn\/#organization\",\"name\":\"Welzijn Capelle\",\"url\":\"https:\/\/capelle.ratiodesign.dev\/welzijn\/\",\"logo\":{\"@type\":\"ImageObject\",\"inLanguage\":\"nl-NL\",\"@id\":\"https:\/\/capelle.ratiodesign.dev\/welzijn\/#\/schema\/logo\/image\/\",\"url\":\"https:\/\/capelle.ratiodesign.dev\/welzijn\/wp-content\/uploads\/sites\/9\/2022\/12\/logo.svg\",\"contentUrl\":\"https:\/\/capelle.ratiodesign.dev\/welzijn\/wp-content\/uploads\/sites\/9\/2022\/12\/logo.svg\",\"width\":1,\"height\":1,\"caption\":\"Welzijn Capelle\"},\"image\":{\"@id\":\"https:\/\/capelle.ratiodesign.dev\/welzijn\/#\/schema\/logo\/image\/\"}},{\"@type\":\"Person\",\"@id\":\"https:\/\/capelle.ratiodesign.dev\/welzijn\/#\/schema\/person\/fb4ce06452f744ff6b772cb7720e69db\",\"name\":\"admin\",\"image\":{\"@type\":\"ImageObject\",\"inLanguage\":\"nl-NL\",\"@id\":\"https:\/\/capelle.ratiodesign.dev\/welzijn\/#\/schema\/person\/image\/\",\"url\":\"https:\/\/secure.gravatar.com\/avatar\/11bf15cdc3f62ea656bbe95063e2c55fd83c3f9c373f93bbd5692994da015c2b?s=96&d=mm&r=g\",\"contentUrl\":\"https:\/\/secure.gravatar.com\/avatar\/11bf15cdc3f62ea656bbe95063e2c55fd83c3f9c373f93bbd5692994da015c2b?s=96&d=mm&r=g\",\"caption\":\"admin\"},\"url\":\"https:\/\/capelle.ratiodesign.dev\/welzijn\/nieuws\/author\/admin\/\"}]}<\/script>\n<!-- \/ Yoast SEO plugin. -->","yoast_head_json":{"title":"lotgenoten mantelzorg - Welzijn Capelle","robots":{"index":"index","follow":"follow","max-snippet":"max-snippet:-1","max-image-preview":"max-image-preview:large","max-video-preview":"max-video-preview:-1"},"canonical":"https:\/\/capelle.ratiodesign.dev\/welzijn\/nieuws\/lotgenoten-mantelzorg\/","og_locale":"nl_NL","og_type":"article","og_title":"lotgenoten mantelzorg - Welzijn Capelle","og_description":"De steungroepen voor mantelzorgers van mensen met dementie of parkinson komen om de maand bij elkaar.","og_url":"https:\/\/capelle.ratiodesign.dev\/welzijn\/nieuws\/lotgenoten-mantelzorg\/","og_site_name":"Welzijn Capelle","article_published_time":"2024-03-14T15:14:30+00:00","article_modified_time":"2024-03-20T15:46:14+00:00","og_image":[{"width":1024,"height":682,"url":"https:\/\/capelle.ratiodesign.dev\/welzijn\/wp-content\/uploads\/sites\/9\/2024\/03\/coffee-cups-1024x682.jpg","type":"image\/jpeg"}],"author":"admin","twitter_card":"summary_large_image","twitter_misc":{"Geschreven door":"admin","Geschatte leestijd":"2 minuten"},"schema":{"@context":"https:\/\/schema.org","@graph":[{"@type":"Article","@id":"https:\/\/capelle.ratiodesign.dev\/welzijn\/nieuws\/lotgenoten-mantelzorg\/#article","isPartOf":{"@id":"https:\/\/capelle.ratiodesign.dev\/welzijn\/nieuws\/lotgenoten-mantelzorg\/"},"author":{"name":"admin","@id":"https:\/\/capelle.ratiodesign.dev\/welzijn\/#\/schema\/person\/fb4ce06452f744ff6b772cb7720e69db"},"headline":"lotgenoten mantelzorg","datePublished":"2024-03-14T15:14:30+00:00","dateModified":"2024-03-20T15:46:14+00:00","mainEntityOfPage":{"@id":"https:\/\/capelle.ratiodesign.dev\/welzijn\/nieuws\/lotgenoten-mantelzorg\/"},"wordCount":344,"commentCount":0,"publisher":{"@id":"https:\/\/capelle.ratiodesign.dev\/welzijn\/#organization"},"image":{"@id":"https:\/\/capelle.ratiodesign.dev\/welzijn\/nieuws\/lotgenoten-mantelzorg\/#primaryimage"},"thumbnailUrl":"https:\/\/capelle.ratiodesign.dev\/welzijn\/wp-content\/uploads\/sites\/9\/2024\/03\/coffee-cups.jpg","inLanguage":"nl-NL","potentialAction":[{"@type":"CommentAction","name":"Comment","target":["https:\/\/capelle.ratiodesign.dev\/welzijn\/nieuws\/lotgenoten-mantelzorg\/#respond"]}]},{"@type":"WebPage","@id":"https:\/\/capelle.ratiodesign.dev\/welzijn\/nieuws\/lotgenoten-mantelzorg\/","url":"https:\/\/capelle.ratiodesign.dev\/welzijn\/nieuws\/lotgenoten-mantelzorg\/","name":"lotgenoten mantelzorg - Welzijn Capelle","isPartOf":{"@id":"https:\/\/capelle.ratiodesign.dev\/welzijn\/#website"},"primaryImageOfPage":{"@id":"https:\/\/capelle.ratiodesign.dev\/welzijn\/nieuws\/lotgenoten-mantelzorg\/#primaryimage"},"image":{"@id":"https:\/\/capelle.ratiodesign.dev\/welzijn\/nieuws\/lotgenoten-mantelzorg\/#primaryimage"},"thumbnailUrl":"https:\/\/capelle.ratiodesign.dev\/welzijn\/wp-content\/uploads\/sites\/9\/2024\/03\/coffee-cups.jpg","datePublished":"2024-03-14T15:14:30+00:00","dateModified":"2024-03-20T15:46:14+00:00","breadcrumb":{"@id":"https:\/\/capelle.ratiodesign.dev\/welzijn\/nieuws\/lotgenoten-mantelzorg\/#breadcrumb"},"inLanguage":"nl-NL","potentialAction":[{"@type":"ReadAction","target":["https:\/\/capelle.ratiodesign.dev\/welzijn\/nieuws\/lotgenoten-mantelzorg\/"]}]},{"@type":"ImageObject","inLanguage":"nl-NL","@id":"https:\/\/capelle.ratiodesign.dev\/welzijn\/nieuws\/lotgenoten-mantelzorg\/#primaryimage","url":"https:\/\/capelle.ratiodesign.dev\/welzijn\/wp-content\/uploads\/sites\/9\/2024\/03\/coffee-cups.jpg","contentUrl":"https:\/\/capelle.ratiodesign.dev\/welzijn\/wp-content\/uploads\/sites\/9\/2024\/03\/coffee-cups.jpg","width":2716,"height":1810,"caption":"Hands taking cup of coffee on wood background"},{"@type":"BreadcrumbList","@id":"https:\/\/capelle.ratiodesign.dev\/welzijn\/nieuws\/lotgenoten-mantelzorg\/#breadcrumb","itemListElement":[{"@type":"ListItem","position":1,"name":"Home","item":"https:\/\/capelle.ratiodesign.dev\/welzijn\/"},{"@type":"ListItem","position":2,"name":"lotgenoten mantelzorg"}]},{"@type":"WebSite","@id":"https:\/\/capelle.ratiodesign.dev\/welzijn\/#website","url":"https:\/\/capelle.ratiodesign.dev\/welzijn\/","name":"Welzijn Capelle","description":"","publisher":{"@id":"https:\/\/capelle.ratiodesign.dev\/welzijn\/#organization"},"potentialAction":[{"@type":"SearchAction","target":{"@type":"EntryPoint","urlTemplate":"https:\/\/capelle.ratiodesign.dev\/welzijn\/?s={search_term_string}"},"query-input":{"@type":"PropertyValueSpecification","valueRequired":true,"valueName":"search_term_string"}}],"inLanguage":"nl-NL"},{"@type":"Organization","@id":"https:\/\/capelle.ratiodesign.dev\/welzijn\/#organization","name":"Welzijn Capelle","url":"https:\/\/capelle.ratiodesign.dev\/welzijn\/","logo":{"@type":"ImageObject","inLanguage":"nl-NL","@id":"https:\/\/capelle.ratiodesign.dev\/welzijn\/#\/schema\/logo\/image\/","url":"https:\/\/capelle.ratiodesign.dev\/welzijn\/wp-content\/uploads\/sites\/9\/2022\/12\/logo.svg","contentUrl":"https:\/\/capelle.ratiodesign.dev\/welzijn\/wp-content\/uploads\/sites\/9\/2022\/12\/logo.svg","width":1,"height":1,"caption":"Welzijn Capelle"},"image":{"@id":"https:\/\/capelle.ratiodesign.dev\/welzijn\/#\/schema\/logo\/image\/"}},{"@type":"Person","@id":"https:\/\/capelle.ratiodesign.dev\/welzijn\/#\/schema\/person\/fb4ce06452f744ff6b772cb7720e69db","name":"admin","image":{"@type":"ImageObject","inLanguage":"nl-NL","@id":"https:\/\/capelle.ratiodesign.dev\/welzijn\/#\/schema\/person\/image\/","url":"https:\/\/secure.gravatar.com\/avatar\/11bf15cdc3f62ea656bbe95063e2c55fd83c3f9c373f93bbd5692994da015c2b?s=96&d=mm&r=g","contentUrl":"https:\/\/secure.gravatar.com\/avatar\/11bf15cdc3f62ea656bbe95063e2c55fd83c3f9c373f93bbd5692994da015c2b?s=96&d=mm&r=g","caption":"admin"},"url":"https:\/\/capelle.ratiodesign.dev\/welzijn\/nieuws\/author\/admin\/"}]}},"_links":{"self":[{"href":"https:\/\/capelle.ratiodesign.dev\/welzijn\/wp-json\/wp\/v2\/posts\/4231","targetHints":{"allow":["GET"]}}],"collection":[{"href":"https:\/\/capelle.ratiodesign.dev\/welzijn\/wp-json\/wp\/v2\/posts"}],"about":[{"href":"https:\/\/capelle.ratiodesign.dev\/welzijn\/wp-json\/wp\/v2\/types\/post"}],"author":[{"embeddable":true,"href":"https:\/\/capelle.ratiodesign.dev\/welzijn\/wp-json\/wp\/v2\/users\/1"}],"replies":[{"embeddable":true,"href":"https:\/\/capelle.ratiodesign.dev\/welzijn\/wp-json\/wp\/v2\/comments?post=4231"}],"version-history":[{"count":1,"href":"https:\/\/capelle.ratiodesign.dev\/welzijn\/wp-json\/wp\/v2\/posts\/4231\/revisions"}],"predecessor-version":[{"id":4234,"href":"https:\/\/capelle.ratiodesign.dev\/welzijn\/wp-json\/wp\/v2\/posts\/4231\/revisions\/4234"}],"wp:featuredmedia":[{"embeddable":true,"href":"https:\/\/capelle.ratiodesign.dev\/welzijn\/wp-json\/wp\/v2\/media\/4232"}],"wp:attachment":[{"href":"https:\/\/capelle.ratiodesign.dev\/welzijn\/wp-json\/wp\/v2\/media?parent=4231"}],"wp:term":[{"taxonomy":"category","embeddable":true,"href":"https:\/\/capelle.ratiodesign.dev\/welzijn\/wp-json\/wp\/v2\/categories?post=4231"},{"taxonomy":"post_tag","embeddable":true,"href":"https:\/\/capelle.ratiodesign.dev\/welzijn\/wp-json\/wp\/v2\/tags?post=4231"},{"taxonomy":"age","embeddable":true,"href":"https:\/\/capelle.ratiodesign.dev\/welzijn\/wp-json\/wp\/v2\/age?post=4231"},{"taxonomy":"area","embeddable":true,"href":"https:\/\/capelle.ratiodesign.dev\/welzijn\/wp-json\/wp\/v2\/area?post=4231"},{"taxonomy":"theme","embeddable":true,"href":"https:\/\/capelle.ratiodesign.dev\/welzijn\/wp-json\/wp\/v2\/theme?post=4231"}],"curies":[{"name":"wp","href":"https:\/\/api.w.org\/{rel}","templated":true}]}}