{"id":3445,"date":"2023-09-04T16:41:21","date_gmt":"2023-09-04T14:41:21","guid":{"rendered":"https:\/\/www.welzijncapelle.nl\/?p=3445"},"modified":"2023-09-04T16:47:17","modified_gmt":"2023-09-04T14:47:17","slug":"maatjes-gezocht-voor-ouderen-en-mantelzorgers","status":"publish","type":"post","link":"https:\/\/capelle.ratiodesign.dev\/welzijn\/nieuws\/maatjes-gezocht-voor-ouderen-en-mantelzorgers\/","title":{"rendered":"Maatjes gezocht voor ouderen en mantelzorgers"},"content":{"rendered":"\n<div class=\"wp-block-group is-layout-constrained wp-container-core-group-is-layout-8e6cae0a wp-block-group-is-layout-constrained\" style=\"padding-top:var(--wp--preset--spacing--5);padding-bottom:var(--wp--preset--spacing--5)\">\n<h1 class=\"wp-block-heading\"><strong>\u2018Veel gezelligheid en mooie verhalen\u2019<\/strong> <\/h1>\n\n\n\n<p class=\"has-blue-color has-text-color has-medium-font-size\">\u2018Na mijn pensioen ben ik maatje geworden. Ik wilde graag onder de mensen blijven komen.\u2019 Ondanks haar gezondheidsproblemen is Lize (68) actief als mantelzorgmaatje en seniorenmaatje. Ze bezoekt wekelijks twee oudere dames. Met de een gaat ze vaak naar tuincentra, met de ander naar de markt of het winkelcentrum. \u2018Het geeft me veel gezelligheid. En mensen kunnen helpen geeft me een goed gevoel.\u2019<\/p>\n\n\n\n<div class=\"wp-block-columns is-layout-flex wp-container-core-columns-is-layout-f1f39170 wp-block-columns-is-layout-flex\">\n<div class=\"wp-block-column is-layout-flow wp-block-column-is-layout-flow\">\n<div class=\"wp-block-group is-layout-constrained wp-container-core-group-is-layout-552d0213 wp-block-group-is-layout-constrained\">\n<p>Lize en haar man runden jarenlang een drogisterij in Alexanderpolder, die ze van zijn vader hadden overgenomen. Ze verkochten ook reformspullen en supplementen. \u2018Mijn man en ik werkten dagelijks samen. Dat ging prima. Het was een leuk beroep: met mensen omgaan, me verdiepen in vitamines en geneesmiddelen\u2026 interessant!\u2019<\/p>\n\n\n\n<p>Het echtpaar verhuisde drie jaar geleden vanuit Krimpen naar Capelle aan den IJssel. Lize schreef zich direct in voor <a href=\"http:\/\/www.capelledoet.nl\">vrijwilligerswerk op CapelleDoet<\/a>. Tijdens het intakegesprek gaf ze aan dat ze graag mensen wilde bezoeken die wat eenzaam zijn, of niet alleen naar de markt of winkel kunnen. \u2018De medewerker van CapelleDoet stelde natuurlijk gelijk voor dat ik maatje zou worden. Dat past heel goed bij mij.\u2019<\/p>\n\n\n\n<p>De eerste mevrouw waar Lize aan werd gekoppeld als maatje was Vera, eind 70 en nierpati\u00ebnt. Vera was alleenstaand, en Lize bracht haar regelmatig naar het ziekenhuis. \u2018Het was z\u00f3\u2019n positief mens, ondanks dat ze van alles had: suiker, een niertransplantatie ondergaan\u2026 Onze band was bijzonder. We praatten over van alles en nog wat: haar Surinaamse achtergrond, de mijne, het geloof, The Bold and the Beautiful\u2026\u2019 Ze gingen samen naar de Koperwiek of mee op een vaartochtje van de Nierstichting. Een half jaar geleden overleed ze; Lize mist haar nog steeds.<\/p>\n<\/div>\n<\/div>\n\n\n\n<div class=\"wp-block-column is-layout-flow wp-block-column-is-layout-flow\"><figure class=\"wp-block-post-featured-image\"><img loading=\"lazy\" decoding=\"async\" width=\"1942\" height=\"1472\" src=\"https:\/\/capelle.ratiodesign.dev\/welzijn\/wp-content\/uploads\/sites\/9\/2023\/09\/41.-Lize-en-mw.-Jespers.jpg\" class=\"attachment-post-thumbnail size-post-thumbnail wp-post-image\" alt=\"Lize en mevrouw Jespers\" style=\"object-fit:cover;\" srcset=\"https:\/\/capelle.ratiodesign.dev\/welzijn\/wp-content\/uploads\/sites\/9\/2023\/09\/41.-Lize-en-mw.-Jespers.jpg 1942w, https:\/\/capelle.ratiodesign.dev\/welzijn\/wp-content\/uploads\/sites\/9\/2023\/09\/41.-Lize-en-mw.-Jespers-300x227.jpg 300w, https:\/\/capelle.ratiodesign.dev\/welzijn\/wp-content\/uploads\/sites\/9\/2023\/09\/41.-Lize-en-mw.-Jespers-1024x776.jpg 1024w, https:\/\/capelle.ratiodesign.dev\/welzijn\/wp-content\/uploads\/sites\/9\/2023\/09\/41.-Lize-en-mw.-Jespers-1000x758.jpg 1000w\" sizes=\"auto, (max-width: 1942px) 100vw, 1942px\" \/><\/figure><\/div>\n<\/div>\n\n\n\n<p>De bezoekjes aan een andere mevrouw waren van korte duur. \u2018Daar ben ik weggaan, die zocht gewoon ruzie.\u2019 Lize bleek de derde vrijwilliger die bij haar wegliep. Lachend: \u2018Het moet natuurlijk wel leuk blijven.\u2019<\/p>\n\n\n\n<p><strong>Mantelzorgmaatje en seniorenmaatje<\/strong><br>Momenteel bezoekt de Capelse nog twee oudere dames. Voor de een is ze mantelzorgmaatje, omdat die zorgt voor een familielid. Het bezoek van een mantelzorgmaatje geeft wat ontspanning, zodat de mantelzorger het zorgen beter volhoudt. Lize gaat langs voor koffie en een gesprek, of ze gaan samen naar tuincentra. Voor de ander is Lize seniorenmaatje: \u2018Mevrouw Jespers is 84 en reisde vroeger half Nederland af voor haar werk als marktkoopvrouw. Wij gaan samen bijvoorbeeld naar de markt of drinken ergens koffie. Net waar we zin in hebben.\u2019<\/p>\n\n\n\n<p>Al hebben Lize en haar man een vol leven door onder andere hun vijf kleinkinderen en eigen uitstapjes, ze doet graag iets voor anderen. \u2018Als mensen horen dat ik elke week vrijwilligerswerk doe, vragen ze vaak: \u201cHou je wel tijd over voor jezelf?\u201d Maar ik heb meer dan genoeg tijd voor mezelf, familie en vrienden over. Je kunt het tenslotte zelf inplannen.\u2019<\/p>\n\n\n\n<p><strong>Leuke verhalen<\/strong><br>Sowieso is de 68-jarige positief ingesteld. Ook door de ziekte van Parkinson, vier jaar geleden vastgesteld, probeert ze zich niet teveel te laten belemmeren. \u2018Je weet toch niet hoe het zal lopen, dus ik ga niet bij de pakken neerzitten. Ik doe er alles aan om motorisch zo goed mogelijk te blijven, zoals fysio met een groepje van vier andere pati\u00ebntes van in de 60. We peppen elkaar op, oefenen samen. Ik moet wel wat ik doe op \u00e9\u00e9n dag doseren.\u2019<\/p>\n\n\n\n<p>Wat brengt het vrijwilligerswerk als maatje haar? \u2018Met mensen omgaan, al die verschillen in karakters, vind ik interessant. Zelfs al gaat het soms wat moeizaam, dan blijf ik toch komen: het is leuk om te zien hoe onze band zich ontwikkelt. Als er vroeger meer keus was geweest, was ik misschien wel maatschappelijk werker geworden, net als mijn jongste dochter een tijdje was.\u2019 Lize vindt het vooral leuk om oudere mensen te bezoeken: \u2018Die hebben al van alles meegemaakt, zijn wat complexer. Het is leuk om hun verhalen te horen.\u2019<\/p>\n\n\n\n<p><strong>Gezamenlijke interesses<\/strong><br>Normaal gesproken is een vrijwilliger ongeveer een jaar aan iemand gekoppeld als maatje, maar dit werk past zo goed bij Lize dat ze het langer doet. \u2018Ik kan het mensen echt aanraden. Het is zulk nuttig en leuk werk! De vader van een goede vriendin is pas overleden, en ik heb het haar ook aangeraden: blijf in het tehuis waar je vader woonde andere mensen bezoeken! Er zijn z\u00f3 veel mensen nodig.\u2019<\/p>\n\n\n\n<p>Wat een mantelzorger en senior samen doen, hangt helemaal af van de gezamenlijke interesses. Lize: \u2018Ik bezoek toevallig allemaal dames, maar er zijn natuurlijk ook oudere heren die graag een maatje willen. Bijvoorbeeld om samen te kaarten, biljarten of wandelen. Een paar van de mannen in het mantelzorgmaatjesgroepje doen ook wel eens klusjes voor degene die ze bezoeken.\u2019 Zo doe je precies wat je allebei leuk vindt.<\/p>\n\n\n\n<p><strong>Basiscursus mantelzorgmaatje<\/strong><br>Mantelzorgmaatjes volgen v\u00f3\u00f3r ze beginnen een basiscursus mantelzorgmaatje, van twee dagdelen. Ook komen de mantelzorgmaatjes een keer per kwartaal bij elkaar, om te bespreken hoe het gaat. Een mantelzorgcoach begeleidt het groepje en kan eventueel advies geven. Lize: \u2018Het is een gezellig clubje, en fijn om contact te hebben met andere maatjes. Een tweede leuke bijkomstigheid: als vrijwilliger kun je gratis cursussen bij CapelleDoet doen. Ik heb bijvoorbeeld \u201cOpkomen voor jezelf, met oog voor de ander\u201d gedaan.\u2019<\/p>\n\n\n\n<p>Lizes echtgenoot vertelt hoe blij de dames zijn met de bezoekjes van zijn vrouw: \u2018Ze zijn heel positief over haar en kijken er enorm naar uit als ze langskomt.\u2019 En de ondertussen overleden Vera zei wel iets h\u00e9\u00e9l moois: \u201dHet lijkt wel of Onze-Lieve-Heer een engeltje op mijn pad heeft gestuurd!\u201d<\/p>\n\n\n\n<p><em>Foto: Lize en mevrouw Jespers<\/em><\/p>\n\n\n\n<p class=\"has-blue-color has-text-color\"><em>Ook maatje worden, of wil je meer informatie? Mail naar <a href=\"mailto:capelledoet@welzijncapelle.nu\">capelledoet@welzijncapelle.nu<\/a>.<\/em><\/p>\n<\/div>\n","protected":false},"excerpt":{"rendered":"<p>\u2018Na mijn pensioen ben ik maatje geworden. Ik wilde graag onder de mensen blijven komen.\u2019 Ondanks haar gezondheidsproblemen is Lize (68) actief als mantelzorgmaatje en seniorenmaatje. Ze bezoekt wekelijks twee oudere dames.<\/p>\n","protected":false},"author":1,"featured_media":3446,"comment_status":"open","ping_status":"open","sticky":false,"template":"","format":"standard","meta":{"footnotes":""},"categories":[56],"tags":[],"age":[34,33],"area":[],"theme":[43],"class_list":["post-3445","post","type-post","status-publish","format-standard","has-post-thumbnail","hentry","category-verhalen","age-senioren","age-volwassenen","theme-ontmoeten-doen"],"yoast_head":"<!-- This site is optimized with the Yoast SEO plugin v23.5 - https:\/\/yoast.com\/wordpress\/plugins\/seo\/ -->\n<title>Maatjes gezocht voor ouderen en mantelzorgers - Welzijn Capelle<\/title>\n<meta name=\"robots\" content=\"index, follow, max-snippet:-1, max-image-preview:large, max-video-preview:-1\" \/>\n<link rel=\"canonical\" href=\"https:\/\/capelle.ratiodesign.dev\/welzijn\/nieuws\/maatjes-gezocht-voor-ouderen-en-mantelzorgers\/\" \/>\n<meta property=\"og:locale\" content=\"nl_NL\" \/>\n<meta property=\"og:type\" content=\"article\" \/>\n<meta property=\"og:title\" content=\"Maatjes gezocht voor ouderen en mantelzorgers - Welzijn Capelle\" \/>\n<meta property=\"og:description\" content=\"\u2018Na mijn pensioen ben ik maatje geworden. Ik wilde graag onder de mensen blijven komen.\u2019 Ondanks haar gezondheidsproblemen is Lize (68) actief als mantelzorgmaatje en seniorenmaatje. Ze bezoekt wekelijks twee oudere dames.\" \/>\n<meta property=\"og:url\" content=\"https:\/\/capelle.ratiodesign.dev\/welzijn\/nieuws\/maatjes-gezocht-voor-ouderen-en-mantelzorgers\/\" \/>\n<meta property=\"og:site_name\" content=\"Welzijn Capelle\" \/>\n<meta property=\"article:published_time\" content=\"2023-09-04T14:41:21+00:00\" \/>\n<meta property=\"article:modified_time\" content=\"2023-09-04T14:47:17+00:00\" \/>\n<meta property=\"og:image\" content=\"https:\/\/capelle.ratiodesign.dev\/welzijn\/wp-content\/uploads\/sites\/9\/2023\/09\/41.-Lize-en-mw.-Jespers.jpg\" \/>\n\t<meta property=\"og:image:width\" content=\"1942\" \/>\n\t<meta property=\"og:image:height\" content=\"1472\" \/>\n\t<meta property=\"og:image:type\" content=\"image\/jpeg\" \/>\n<meta name=\"author\" content=\"admin\" \/>\n<meta name=\"twitter:card\" content=\"summary_large_image\" \/>\n<meta name=\"twitter:label1\" content=\"Geschreven door\" \/>\n\t<meta name=\"twitter:data1\" content=\"admin\" \/>\n\t<meta name=\"twitter:label2\" content=\"Geschatte leestijd\" \/>\n\t<meta name=\"twitter:data2\" content=\"1 minuut\" \/>\n<script type=\"application\/ld+json\" class=\"yoast-schema-graph\">{\"@context\":\"https:\/\/schema.org\",\"@graph\":[{\"@type\":\"Article\",\"@id\":\"https:\/\/capelle.ratiodesign.dev\/welzijn\/nieuws\/maatjes-gezocht-voor-ouderen-en-mantelzorgers\/#article\",\"isPartOf\":{\"@id\":\"https:\/\/capelle.ratiodesign.dev\/welzijn\/nieuws\/maatjes-gezocht-voor-ouderen-en-mantelzorgers\/\"},\"author\":{\"name\":\"admin\",\"@id\":\"https:\/\/capelle.ratiodesign.dev\/welzijn\/#\/schema\/person\/fb4ce06452f744ff6b772cb7720e69db\"},\"headline\":\"Maatjes gezocht voor ouderen en mantelzorgers\",\"datePublished\":\"2023-09-04T14:41:21+00:00\",\"dateModified\":\"2023-09-04T14:47:17+00:00\",\"mainEntityOfPage\":{\"@id\":\"https:\/\/capelle.ratiodesign.dev\/welzijn\/nieuws\/maatjes-gezocht-voor-ouderen-en-mantelzorgers\/\"},\"wordCount\":928,\"commentCount\":0,\"publisher\":{\"@id\":\"https:\/\/capelle.ratiodesign.dev\/welzijn\/#organization\"},\"image\":{\"@id\":\"https:\/\/capelle.ratiodesign.dev\/welzijn\/nieuws\/maatjes-gezocht-voor-ouderen-en-mantelzorgers\/#primaryimage\"},\"thumbnailUrl\":\"https:\/\/capelle.ratiodesign.dev\/welzijn\/wp-content\/uploads\/sites\/9\/2023\/09\/41.-Lize-en-mw.-Jespers.jpg\",\"articleSection\":[\"Verhalen\"],\"inLanguage\":\"nl-NL\",\"potentialAction\":[{\"@type\":\"CommentAction\",\"name\":\"Comment\",\"target\":[\"https:\/\/capelle.ratiodesign.dev\/welzijn\/nieuws\/maatjes-gezocht-voor-ouderen-en-mantelzorgers\/#respond\"]}]},{\"@type\":\"WebPage\",\"@id\":\"https:\/\/capelle.ratiodesign.dev\/welzijn\/nieuws\/maatjes-gezocht-voor-ouderen-en-mantelzorgers\/\",\"url\":\"https:\/\/capelle.ratiodesign.dev\/welzijn\/nieuws\/maatjes-gezocht-voor-ouderen-en-mantelzorgers\/\",\"name\":\"Maatjes gezocht voor ouderen en mantelzorgers - Welzijn Capelle\",\"isPartOf\":{\"@id\":\"https:\/\/capelle.ratiodesign.dev\/welzijn\/#website\"},\"primaryImageOfPage\":{\"@id\":\"https:\/\/capelle.ratiodesign.dev\/welzijn\/nieuws\/maatjes-gezocht-voor-ouderen-en-mantelzorgers\/#primaryimage\"},\"image\":{\"@id\":\"https:\/\/capelle.ratiodesign.dev\/welzijn\/nieuws\/maatjes-gezocht-voor-ouderen-en-mantelzorgers\/#primaryimage\"},\"thumbnailUrl\":\"https:\/\/capelle.ratiodesign.dev\/welzijn\/wp-content\/uploads\/sites\/9\/2023\/09\/41.-Lize-en-mw.-Jespers.jpg\",\"datePublished\":\"2023-09-04T14:41:21+00:00\",\"dateModified\":\"2023-09-04T14:47:17+00:00\",\"breadcrumb\":{\"@id\":\"https:\/\/capelle.ratiodesign.dev\/welzijn\/nieuws\/maatjes-gezocht-voor-ouderen-en-mantelzorgers\/#breadcrumb\"},\"inLanguage\":\"nl-NL\",\"potentialAction\":[{\"@type\":\"ReadAction\",\"target\":[\"https:\/\/capelle.ratiodesign.dev\/welzijn\/nieuws\/maatjes-gezocht-voor-ouderen-en-mantelzorgers\/\"]}]},{\"@type\":\"ImageObject\",\"inLanguage\":\"nl-NL\",\"@id\":\"https:\/\/capelle.ratiodesign.dev\/welzijn\/nieuws\/maatjes-gezocht-voor-ouderen-en-mantelzorgers\/#primaryimage\",\"url\":\"https:\/\/capelle.ratiodesign.dev\/welzijn\/wp-content\/uploads\/sites\/9\/2023\/09\/41.-Lize-en-mw.-Jespers.jpg\",\"contentUrl\":\"https:\/\/capelle.ratiodesign.dev\/welzijn\/wp-content\/uploads\/sites\/9\/2023\/09\/41.-Lize-en-mw.-Jespers.jpg\",\"width\":1942,\"height\":1472,\"caption\":\"Lize en mevrouw Jespers\"},{\"@type\":\"BreadcrumbList\",\"@id\":\"https:\/\/capelle.ratiodesign.dev\/welzijn\/nieuws\/maatjes-gezocht-voor-ouderen-en-mantelzorgers\/#breadcrumb\",\"itemListElement\":[{\"@type\":\"ListItem\",\"position\":1,\"name\":\"Home\",\"item\":\"https:\/\/capelle.ratiodesign.dev\/welzijn\/\"},{\"@type\":\"ListItem\",\"position\":2,\"name\":\"Maatjes gezocht voor ouderen en mantelzorgers\"}]},{\"@type\":\"WebSite\",\"@id\":\"https:\/\/capelle.ratiodesign.dev\/welzijn\/#website\",\"url\":\"https:\/\/capelle.ratiodesign.dev\/welzijn\/\",\"name\":\"Welzijn Capelle\",\"description\":\"\",\"publisher\":{\"@id\":\"https:\/\/capelle.ratiodesign.dev\/welzijn\/#organization\"},\"potentialAction\":[{\"@type\":\"SearchAction\",\"target\":{\"@type\":\"EntryPoint\",\"urlTemplate\":\"https:\/\/capelle.ratiodesign.dev\/welzijn\/?s={search_term_string}\"},\"query-input\":{\"@type\":\"PropertyValueSpecification\",\"valueRequired\":true,\"valueName\":\"search_term_string\"}}],\"inLanguage\":\"nl-NL\"},{\"@type\":\"Organization\",\"@id\":\"https:\/\/capelle.ratiodesign.dev\/welzijn\/#organization\",\"name\":\"Welzijn Capelle\",\"url\":\"https:\/\/capelle.ratiodesign.dev\/welzijn\/\",\"logo\":{\"@type\":\"ImageObject\",\"inLanguage\":\"nl-NL\",\"@id\":\"https:\/\/capelle.ratiodesign.dev\/welzijn\/#\/schema\/logo\/image\/\",\"url\":\"https:\/\/capelle.ratiodesign.dev\/welzijn\/wp-content\/uploads\/sites\/9\/2022\/12\/logo.svg\",\"contentUrl\":\"https:\/\/capelle.ratiodesign.dev\/welzijn\/wp-content\/uploads\/sites\/9\/2022\/12\/logo.svg\",\"width\":1,\"height\":1,\"caption\":\"Welzijn Capelle\"},\"image\":{\"@id\":\"https:\/\/capelle.ratiodesign.dev\/welzijn\/#\/schema\/logo\/image\/\"}},{\"@type\":\"Person\",\"@id\":\"https:\/\/capelle.ratiodesign.dev\/welzijn\/#\/schema\/person\/fb4ce06452f744ff6b772cb7720e69db\",\"name\":\"admin\",\"image\":{\"@type\":\"ImageObject\",\"inLanguage\":\"nl-NL\",\"@id\":\"https:\/\/capelle.ratiodesign.dev\/welzijn\/#\/schema\/person\/image\/\",\"url\":\"https:\/\/secure.gravatar.com\/avatar\/11bf15cdc3f62ea656bbe95063e2c55fd83c3f9c373f93bbd5692994da015c2b?s=96&d=mm&r=g\",\"contentUrl\":\"https:\/\/secure.gravatar.com\/avatar\/11bf15cdc3f62ea656bbe95063e2c55fd83c3f9c373f93bbd5692994da015c2b?s=96&d=mm&r=g\",\"caption\":\"admin\"},\"url\":\"https:\/\/capelle.ratiodesign.dev\/welzijn\/nieuws\/author\/admin\/\"}]}<\/script>\n<!-- \/ Yoast SEO plugin. -->","yoast_head_json":{"title":"Maatjes gezocht voor ouderen en mantelzorgers - Welzijn Capelle","robots":{"index":"index","follow":"follow","max-snippet":"max-snippet:-1","max-image-preview":"max-image-preview:large","max-video-preview":"max-video-preview:-1"},"canonical":"https:\/\/capelle.ratiodesign.dev\/welzijn\/nieuws\/maatjes-gezocht-voor-ouderen-en-mantelzorgers\/","og_locale":"nl_NL","og_type":"article","og_title":"Maatjes gezocht voor ouderen en mantelzorgers - Welzijn Capelle","og_description":"\u2018Na mijn pensioen ben ik maatje geworden. Ik wilde graag onder de mensen blijven komen.\u2019 Ondanks haar gezondheidsproblemen is Lize (68) actief als mantelzorgmaatje en seniorenmaatje. Ze bezoekt wekelijks twee oudere dames.","og_url":"https:\/\/capelle.ratiodesign.dev\/welzijn\/nieuws\/maatjes-gezocht-voor-ouderen-en-mantelzorgers\/","og_site_name":"Welzijn Capelle","article_published_time":"2023-09-04T14:41:21+00:00","article_modified_time":"2023-09-04T14:47:17+00:00","og_image":[{"width":1942,"height":1472,"url":"https:\/\/capelle.ratiodesign.dev\/welzijn\/wp-content\/uploads\/sites\/9\/2023\/09\/41.-Lize-en-mw.-Jespers.jpg","type":"image\/jpeg"}],"author":"admin","twitter_card":"summary_large_image","twitter_misc":{"Geschreven door":"admin","Geschatte leestijd":"1 minuut"},"schema":{"@context":"https:\/\/schema.org","@graph":[{"@type":"Article","@id":"https:\/\/capelle.ratiodesign.dev\/welzijn\/nieuws\/maatjes-gezocht-voor-ouderen-en-mantelzorgers\/#article","isPartOf":{"@id":"https:\/\/capelle.ratiodesign.dev\/welzijn\/nieuws\/maatjes-gezocht-voor-ouderen-en-mantelzorgers\/"},"author":{"name":"admin","@id":"https:\/\/capelle.ratiodesign.dev\/welzijn\/#\/schema\/person\/fb4ce06452f744ff6b772cb7720e69db"},"headline":"Maatjes gezocht voor ouderen en mantelzorgers","datePublished":"2023-09-04T14:41:21+00:00","dateModified":"2023-09-04T14:47:17+00:00","mainEntityOfPage":{"@id":"https:\/\/capelle.ratiodesign.dev\/welzijn\/nieuws\/maatjes-gezocht-voor-ouderen-en-mantelzorgers\/"},"wordCount":928,"commentCount":0,"publisher":{"@id":"https:\/\/capelle.ratiodesign.dev\/welzijn\/#organization"},"image":{"@id":"https:\/\/capelle.ratiodesign.dev\/welzijn\/nieuws\/maatjes-gezocht-voor-ouderen-en-mantelzorgers\/#primaryimage"},"thumbnailUrl":"https:\/\/capelle.ratiodesign.dev\/welzijn\/wp-content\/uploads\/sites\/9\/2023\/09\/41.-Lize-en-mw.-Jespers.jpg","articleSection":["Verhalen"],"inLanguage":"nl-NL","potentialAction":[{"@type":"CommentAction","name":"Comment","target":["https:\/\/capelle.ratiodesign.dev\/welzijn\/nieuws\/maatjes-gezocht-voor-ouderen-en-mantelzorgers\/#respond"]}]},{"@type":"WebPage","@id":"https:\/\/capelle.ratiodesign.dev\/welzijn\/nieuws\/maatjes-gezocht-voor-ouderen-en-mantelzorgers\/","url":"https:\/\/capelle.ratiodesign.dev\/welzijn\/nieuws\/maatjes-gezocht-voor-ouderen-en-mantelzorgers\/","name":"Maatjes gezocht voor ouderen en mantelzorgers - Welzijn Capelle","isPartOf":{"@id":"https:\/\/capelle.ratiodesign.dev\/welzijn\/#website"},"primaryImageOfPage":{"@id":"https:\/\/capelle.ratiodesign.dev\/welzijn\/nieuws\/maatjes-gezocht-voor-ouderen-en-mantelzorgers\/#primaryimage"},"image":{"@id":"https:\/\/capelle.ratiodesign.dev\/welzijn\/nieuws\/maatjes-gezocht-voor-ouderen-en-mantelzorgers\/#primaryimage"},"thumbnailUrl":"https:\/\/capelle.ratiodesign.dev\/welzijn\/wp-content\/uploads\/sites\/9\/2023\/09\/41.-Lize-en-mw.-Jespers.jpg","datePublished":"2023-09-04T14:41:21+00:00","dateModified":"2023-09-04T14:47:17+00:00","breadcrumb":{"@id":"https:\/\/capelle.ratiodesign.dev\/welzijn\/nieuws\/maatjes-gezocht-voor-ouderen-en-mantelzorgers\/#breadcrumb"},"inLanguage":"nl-NL","potentialAction":[{"@type":"ReadAction","target":["https:\/\/capelle.ratiodesign.dev\/welzijn\/nieuws\/maatjes-gezocht-voor-ouderen-en-mantelzorgers\/"]}]},{"@type":"ImageObject","inLanguage":"nl-NL","@id":"https:\/\/capelle.ratiodesign.dev\/welzijn\/nieuws\/maatjes-gezocht-voor-ouderen-en-mantelzorgers\/#primaryimage","url":"https:\/\/capelle.ratiodesign.dev\/welzijn\/wp-content\/uploads\/sites\/9\/2023\/09\/41.-Lize-en-mw.-Jespers.jpg","contentUrl":"https:\/\/capelle.ratiodesign.dev\/welzijn\/wp-content\/uploads\/sites\/9\/2023\/09\/41.-Lize-en-mw.-Jespers.jpg","width":1942,"height":1472,"caption":"Lize en mevrouw Jespers"},{"@type":"BreadcrumbList","@id":"https:\/\/capelle.ratiodesign.dev\/welzijn\/nieuws\/maatjes-gezocht-voor-ouderen-en-mantelzorgers\/#breadcrumb","itemListElement":[{"@type":"ListItem","position":1,"name":"Home","item":"https:\/\/capelle.ratiodesign.dev\/welzijn\/"},{"@type":"ListItem","position":2,"name":"Maatjes gezocht voor ouderen en mantelzorgers"}]},{"@type":"WebSite","@id":"https:\/\/capelle.ratiodesign.dev\/welzijn\/#website","url":"https:\/\/capelle.ratiodesign.dev\/welzijn\/","name":"Welzijn Capelle","description":"","publisher":{"@id":"https:\/\/capelle.ratiodesign.dev\/welzijn\/#organization"},"potentialAction":[{"@type":"SearchAction","target":{"@type":"EntryPoint","urlTemplate":"https:\/\/capelle.ratiodesign.dev\/welzijn\/?s={search_term_string}"},"query-input":{"@type":"PropertyValueSpecification","valueRequired":true,"valueName":"search_term_string"}}],"inLanguage":"nl-NL"},{"@type":"Organization","@id":"https:\/\/capelle.ratiodesign.dev\/welzijn\/#organization","name":"Welzijn Capelle","url":"https:\/\/capelle.ratiodesign.dev\/welzijn\/","logo":{"@type":"ImageObject","inLanguage":"nl-NL","@id":"https:\/\/capelle.ratiodesign.dev\/welzijn\/#\/schema\/logo\/image\/","url":"https:\/\/capelle.ratiodesign.dev\/welzijn\/wp-content\/uploads\/sites\/9\/2022\/12\/logo.svg","contentUrl":"https:\/\/capelle.ratiodesign.dev\/welzijn\/wp-content\/uploads\/sites\/9\/2022\/12\/logo.svg","width":1,"height":1,"caption":"Welzijn Capelle"},"image":{"@id":"https:\/\/capelle.ratiodesign.dev\/welzijn\/#\/schema\/logo\/image\/"}},{"@type":"Person","@id":"https:\/\/capelle.ratiodesign.dev\/welzijn\/#\/schema\/person\/fb4ce06452f744ff6b772cb7720e69db","name":"admin","image":{"@type":"ImageObject","inLanguage":"nl-NL","@id":"https:\/\/capelle.ratiodesign.dev\/welzijn\/#\/schema\/person\/image\/","url":"https:\/\/secure.gravatar.com\/avatar\/11bf15cdc3f62ea656bbe95063e2c55fd83c3f9c373f93bbd5692994da015c2b?s=96&d=mm&r=g","contentUrl":"https:\/\/secure.gravatar.com\/avatar\/11bf15cdc3f62ea656bbe95063e2c55fd83c3f9c373f93bbd5692994da015c2b?s=96&d=mm&r=g","caption":"admin"},"url":"https:\/\/capelle.ratiodesign.dev\/welzijn\/nieuws\/author\/admin\/"}]}},"_links":{"self":[{"href":"https:\/\/capelle.ratiodesign.dev\/welzijn\/wp-json\/wp\/v2\/posts\/3445","targetHints":{"allow":["GET"]}}],"collection":[{"href":"https:\/\/capelle.ratiodesign.dev\/welzijn\/wp-json\/wp\/v2\/posts"}],"about":[{"href":"https:\/\/capelle.ratiodesign.dev\/welzijn\/wp-json\/wp\/v2\/types\/post"}],"author":[{"embeddable":true,"href":"https:\/\/capelle.ratiodesign.dev\/welzijn\/wp-json\/wp\/v2\/users\/1"}],"replies":[{"embeddable":true,"href":"https:\/\/capelle.ratiodesign.dev\/welzijn\/wp-json\/wp\/v2\/comments?post=3445"}],"version-history":[{"count":3,"href":"https:\/\/capelle.ratiodesign.dev\/welzijn\/wp-json\/wp\/v2\/posts\/3445\/revisions"}],"predecessor-version":[{"id":3450,"href":"https:\/\/capelle.ratiodesign.dev\/welzijn\/wp-json\/wp\/v2\/posts\/3445\/revisions\/3450"}],"wp:featuredmedia":[{"embeddable":true,"href":"https:\/\/capelle.ratiodesign.dev\/welzijn\/wp-json\/wp\/v2\/media\/3446"}],"wp:attachment":[{"href":"https:\/\/capelle.ratiodesign.dev\/welzijn\/wp-json\/wp\/v2\/media?parent=3445"}],"wp:term":[{"taxonomy":"category","embeddable":true,"href":"https:\/\/capelle.ratiodesign.dev\/welzijn\/wp-json\/wp\/v2\/categories?post=3445"},{"taxonomy":"post_tag","embeddable":true,"href":"https:\/\/capelle.ratiodesign.dev\/welzijn\/wp-json\/wp\/v2\/tags?post=3445"},{"taxonomy":"age","embeddable":true,"href":"https:\/\/capelle.ratiodesign.dev\/welzijn\/wp-json\/wp\/v2\/age?post=3445"},{"taxonomy":"area","embeddable":true,"href":"https:\/\/capelle.ratiodesign.dev\/welzijn\/wp-json\/wp\/v2\/area?post=3445"},{"taxonomy":"theme","embeddable":true,"href":"https:\/\/capelle.ratiodesign.dev\/welzijn\/wp-json\/wp\/v2\/theme?post=3445"}],"curies":[{"name":"wp","href":"https:\/\/api.w.org\/{rel}","templated":true}]}}