{"id":3274,"date":"2023-08-10T09:23:37","date_gmt":"2023-08-10T07:23:37","guid":{"rendered":"https:\/\/www.welzijncapelle.nl\/?p=3274"},"modified":"2023-08-10T10:47:12","modified_gmt":"2023-08-10T08:47:12","slug":"nieuwe-huis-van-de-wijk-bijna-open","status":"publish","type":"post","link":"https:\/\/capelle.ratiodesign.dev\/welzijn\/nieuws\/nieuwe-huis-van-de-wijk-bijna-open\/","title":{"rendered":"Nieuwe Huis van de Wijk bijna open"},"content":{"rendered":"\n<div class=\"wp-block-group is-layout-constrained wp-container-core-group-is-layout-8e6cae0a wp-block-group-is-layout-constrained\" style=\"padding-top:var(--wp--preset--spacing--5);padding-bottom:var(--wp--preset--spacing--5)\">\n<h1 class=\"wp-block-heading\"><strong>Huis van de Wijk en KinderLab Middelwatering aan het verhuizen<\/strong> <\/h1>\n\n\n\n<p class=\"has-blue-color has-text-color has-medium-font-size\">Huis van de Wijk en KinderLab Middelwatering zijn druk bezig met hun verhuizing. De Reigerlaan 66 is gesloten en de nieuwe locatie aan de Lijstersingel 22A gaat maandag 14 augustus open. De medewerkers zijn druk bezig met de inrichting en dozen uitpakken. Op donderdag 17 augustus opent wethouder Faassen de nieuwe locatie. Op een wel h\u00e9\u00e9l bijzondere manier!<\/p>\n\n\n\n<div class=\"wp-block-columns is-layout-flex wp-container-core-columns-is-layout-f1f39170 wp-block-columns-is-layout-flex\">\n<div class=\"wp-block-column is-layout-flow wp-block-column-is-layout-flow\">\n<div class=\"wp-block-group is-layout-constrained wp-container-core-group-is-layout-552d0213 wp-block-group-is-layout-constrained\">\n<p>Nog maar een paar dagen en dan\u2026 staat de koffie weer klaar voor alle bewoners van Middelwatering! Op maandag 14 augustus, om precies te zijn. Dan openen de deuren van de nieuwe locatie van Huis van de Wijk Middelwatering aan de Lijstersingel 22A (in het gebouw van OBS De Klim-Op). De activiteiten van KinderLab Middelwatering gaan iets later van start, namelijk maandag 21 augustus.<\/p>\n\n\n\n<p>Ondertussen zijn het KinderLab-team en alle vrijwilligers en medewerkers van Huis van de Wijk Middelwatering druk bezig met verven, schoonmaken, meubels op hun plek zetten en tientallen dozen uitpakken. Ook zo benieuwd hoe het geworden is? Kom gezellig langs vanaf maandag 14 augustus.<\/p>\n\n\n\n<p><strong>Openingsfeest 17 augustus<\/strong><br>Het offici\u00eble openingsfeestje is donderdag 17 augustus, tussen 14.00 &#8211; 17.00 uur, met activiteiten en lekkere hapjes voor jong en oud. De eerste 150 kinderen die langskomen, krijgen een gratis KinderLab-etui. Om 15.00 uur opent wethouder Eric Faassen officieel het fonkelnieuwe Huis van de Wijk. De sleutel van de deur krijgt hij op een wel heel speciale manier\u2026 Voor iedereen die nieuwsgierig is h\u00f3e dan precies, zit er maar \u00e9\u00e9n ding op: naar het openingsfeest komen!<\/p>\n<\/div>\n<\/div>\n\n\n\n<div class=\"wp-block-column is-layout-flow wp-block-column-is-layout-flow\"><figure class=\"wp-block-post-featured-image\"><img loading=\"lazy\" decoding=\"async\" width=\"2455\" height=\"1850\" src=\"https:\/\/capelle.ratiodesign.dev\/welzijn\/wp-content\/uploads\/sites\/9\/2023\/08\/Nieuwe-Huis-van-de-Wijk-Middelwatering-Lijstersingel.jpg\" class=\"attachment-post-thumbnail size-post-thumbnail wp-post-image\" alt=\"Huis van de Wijk Middelwatering Lijstersingel\" style=\"object-fit:cover;\" srcset=\"https:\/\/capelle.ratiodesign.dev\/welzijn\/wp-content\/uploads\/sites\/9\/2023\/08\/Nieuwe-Huis-van-de-Wijk-Middelwatering-Lijstersingel.jpg 2455w, https:\/\/capelle.ratiodesign.dev\/welzijn\/wp-content\/uploads\/sites\/9\/2023\/08\/Nieuwe-Huis-van-de-Wijk-Middelwatering-Lijstersingel-300x226.jpg 300w, https:\/\/capelle.ratiodesign.dev\/welzijn\/wp-content\/uploads\/sites\/9\/2023\/08\/Nieuwe-Huis-van-de-Wijk-Middelwatering-Lijstersingel-1024x772.jpg 1024w, https:\/\/capelle.ratiodesign.dev\/welzijn\/wp-content\/uploads\/sites\/9\/2023\/08\/Nieuwe-Huis-van-de-Wijk-Middelwatering-Lijstersingel-1000x754.jpg 1000w, https:\/\/capelle.ratiodesign.dev\/welzijn\/wp-content\/uploads\/sites\/9\/2023\/08\/Nieuwe-Huis-van-de-Wijk-Middelwatering-Lijstersingel-2000x1507.jpg 2000w\" sizes=\"auto, (max-width: 2455px) 100vw, 2455px\" \/><\/figure><\/div>\n<\/div>\n\n\n\n<p><\/p>\n<\/div>\n","protected":false},"excerpt":{"rendered":"<p>Op donderdag 17 augustus opent wethouder Faassen de nieuwe locatie van Huis van de Wijk en KinderLab Middelwatering aan de Lijstersingel. Op een h\u00e9\u00e9l bijzondere manier!<\/p>\n","protected":false},"author":1,"featured_media":3286,"comment_status":"open","ping_status":"open","sticky":false,"template":"","format":"standard","meta":{"footnotes":""},"categories":[],"tags":[],"age":[],"area":[50],"theme":[43],"class_list":["post-3274","post","type-post","status-publish","format-standard","has-post-thumbnail","hentry","area-middelwatering","theme-ontmoeten-doen"],"yoast_head":"<!-- This site is optimized with the Yoast SEO plugin v23.5 - https:\/\/yoast.com\/wordpress\/plugins\/seo\/ -->\n<title>Nieuwe Huis van de Wijk bijna open - Welzijn Capelle<\/title>\n<meta name=\"robots\" content=\"index, follow, max-snippet:-1, max-image-preview:large, max-video-preview:-1\" \/>\n<link rel=\"canonical\" href=\"https:\/\/capelle.ratiodesign.dev\/welzijn\/nieuws\/nieuwe-huis-van-de-wijk-bijna-open\/\" \/>\n<meta property=\"og:locale\" content=\"nl_NL\" \/>\n<meta property=\"og:type\" content=\"article\" \/>\n<meta property=\"og:title\" content=\"Nieuwe Huis van de Wijk bijna open - Welzijn Capelle\" \/>\n<meta property=\"og:description\" content=\"Op donderdag 17 augustus opent wethouder Faassen de nieuwe locatie van Huis van de Wijk en KinderLab Middelwatering aan de Lijstersingel. Op een h\u00e9\u00e9l bijzondere manier!\" \/>\n<meta property=\"og:url\" content=\"https:\/\/capelle.ratiodesign.dev\/welzijn\/nieuws\/nieuwe-huis-van-de-wijk-bijna-open\/\" \/>\n<meta property=\"og:site_name\" content=\"Welzijn Capelle\" \/>\n<meta property=\"article:published_time\" content=\"2023-08-10T07:23:37+00:00\" \/>\n<meta property=\"article:modified_time\" content=\"2023-08-10T08:47:12+00:00\" \/>\n<meta property=\"og:image\" content=\"https:\/\/capelle.ratiodesign.dev\/welzijn\/wp-content\/uploads\/sites\/9\/2023\/08\/Nieuwe-Huis-van-de-Wijk-Middelwatering-Lijstersingel.jpg\" \/>\n\t<meta property=\"og:image:width\" content=\"2455\" \/>\n\t<meta property=\"og:image:height\" content=\"1850\" \/>\n\t<meta property=\"og:image:type\" content=\"image\/jpeg\" \/>\n<meta name=\"author\" content=\"admin\" \/>\n<meta name=\"twitter:card\" content=\"summary_large_image\" \/>\n<meta name=\"twitter:label1\" content=\"Geschreven door\" \/>\n\t<meta name=\"twitter:data1\" content=\"admin\" \/>\n\t<meta name=\"twitter:label2\" content=\"Geschatte leestijd\" \/>\n\t<meta name=\"twitter:data2\" content=\"1 minuut\" \/>\n<script type=\"application\/ld+json\" class=\"yoast-schema-graph\">{\"@context\":\"https:\/\/schema.org\",\"@graph\":[{\"@type\":\"Article\",\"@id\":\"https:\/\/capelle.ratiodesign.dev\/welzijn\/nieuws\/nieuwe-huis-van-de-wijk-bijna-open\/#article\",\"isPartOf\":{\"@id\":\"https:\/\/capelle.ratiodesign.dev\/welzijn\/nieuws\/nieuwe-huis-van-de-wijk-bijna-open\/\"},\"author\":{\"name\":\"admin\",\"@id\":\"https:\/\/capelle.ratiodesign.dev\/welzijn\/#\/schema\/person\/fb4ce06452f744ff6b772cb7720e69db\"},\"headline\":\"Nieuwe Huis van de Wijk bijna open\",\"datePublished\":\"2023-08-10T07:23:37+00:00\",\"dateModified\":\"2023-08-10T08:47:12+00:00\",\"mainEntityOfPage\":{\"@id\":\"https:\/\/capelle.ratiodesign.dev\/welzijn\/nieuws\/nieuwe-huis-van-de-wijk-bijna-open\/\"},\"wordCount\":252,\"commentCount\":0,\"publisher\":{\"@id\":\"https:\/\/capelle.ratiodesign.dev\/welzijn\/#organization\"},\"image\":{\"@id\":\"https:\/\/capelle.ratiodesign.dev\/welzijn\/nieuws\/nieuwe-huis-van-de-wijk-bijna-open\/#primaryimage\"},\"thumbnailUrl\":\"https:\/\/capelle.ratiodesign.dev\/welzijn\/wp-content\/uploads\/sites\/9\/2023\/08\/Nieuwe-Huis-van-de-Wijk-Middelwatering-Lijstersingel.jpg\",\"inLanguage\":\"nl-NL\",\"potentialAction\":[{\"@type\":\"CommentAction\",\"name\":\"Comment\",\"target\":[\"https:\/\/capelle.ratiodesign.dev\/welzijn\/nieuws\/nieuwe-huis-van-de-wijk-bijna-open\/#respond\"]}]},{\"@type\":\"WebPage\",\"@id\":\"https:\/\/capelle.ratiodesign.dev\/welzijn\/nieuws\/nieuwe-huis-van-de-wijk-bijna-open\/\",\"url\":\"https:\/\/capelle.ratiodesign.dev\/welzijn\/nieuws\/nieuwe-huis-van-de-wijk-bijna-open\/\",\"name\":\"Nieuwe Huis van de Wijk bijna open - Welzijn Capelle\",\"isPartOf\":{\"@id\":\"https:\/\/capelle.ratiodesign.dev\/welzijn\/#website\"},\"primaryImageOfPage\":{\"@id\":\"https:\/\/capelle.ratiodesign.dev\/welzijn\/nieuws\/nieuwe-huis-van-de-wijk-bijna-open\/#primaryimage\"},\"image\":{\"@id\":\"https:\/\/capelle.ratiodesign.dev\/welzijn\/nieuws\/nieuwe-huis-van-de-wijk-bijna-open\/#primaryimage\"},\"thumbnailUrl\":\"https:\/\/capelle.ratiodesign.dev\/welzijn\/wp-content\/uploads\/sites\/9\/2023\/08\/Nieuwe-Huis-van-de-Wijk-Middelwatering-Lijstersingel.jpg\",\"datePublished\":\"2023-08-10T07:23:37+00:00\",\"dateModified\":\"2023-08-10T08:47:12+00:00\",\"breadcrumb\":{\"@id\":\"https:\/\/capelle.ratiodesign.dev\/welzijn\/nieuws\/nieuwe-huis-van-de-wijk-bijna-open\/#breadcrumb\"},\"inLanguage\":\"nl-NL\",\"potentialAction\":[{\"@type\":\"ReadAction\",\"target\":[\"https:\/\/capelle.ratiodesign.dev\/welzijn\/nieuws\/nieuwe-huis-van-de-wijk-bijna-open\/\"]}]},{\"@type\":\"ImageObject\",\"inLanguage\":\"nl-NL\",\"@id\":\"https:\/\/capelle.ratiodesign.dev\/welzijn\/nieuws\/nieuwe-huis-van-de-wijk-bijna-open\/#primaryimage\",\"url\":\"https:\/\/capelle.ratiodesign.dev\/welzijn\/wp-content\/uploads\/sites\/9\/2023\/08\/Nieuwe-Huis-van-de-Wijk-Middelwatering-Lijstersingel.jpg\",\"contentUrl\":\"https:\/\/capelle.ratiodesign.dev\/welzijn\/wp-content\/uploads\/sites\/9\/2023\/08\/Nieuwe-Huis-van-de-Wijk-Middelwatering-Lijstersingel.jpg\",\"width\":2455,\"height\":1850,\"caption\":\"Huis van de Wijk Middelwatering Lijstersingel\"},{\"@type\":\"BreadcrumbList\",\"@id\":\"https:\/\/capelle.ratiodesign.dev\/welzijn\/nieuws\/nieuwe-huis-van-de-wijk-bijna-open\/#breadcrumb\",\"itemListElement\":[{\"@type\":\"ListItem\",\"position\":1,\"name\":\"Home\",\"item\":\"https:\/\/capelle.ratiodesign.dev\/welzijn\/\"},{\"@type\":\"ListItem\",\"position\":2,\"name\":\"Nieuwe Huis van de Wijk bijna open\"}]},{\"@type\":\"WebSite\",\"@id\":\"https:\/\/capelle.ratiodesign.dev\/welzijn\/#website\",\"url\":\"https:\/\/capelle.ratiodesign.dev\/welzijn\/\",\"name\":\"Welzijn Capelle\",\"description\":\"\",\"publisher\":{\"@id\":\"https:\/\/capelle.ratiodesign.dev\/welzijn\/#organization\"},\"potentialAction\":[{\"@type\":\"SearchAction\",\"target\":{\"@type\":\"EntryPoint\",\"urlTemplate\":\"https:\/\/capelle.ratiodesign.dev\/welzijn\/?s={search_term_string}\"},\"query-input\":{\"@type\":\"PropertyValueSpecification\",\"valueRequired\":true,\"valueName\":\"search_term_string\"}}],\"inLanguage\":\"nl-NL\"},{\"@type\":\"Organization\",\"@id\":\"https:\/\/capelle.ratiodesign.dev\/welzijn\/#organization\",\"name\":\"Welzijn Capelle\",\"url\":\"https:\/\/capelle.ratiodesign.dev\/welzijn\/\",\"logo\":{\"@type\":\"ImageObject\",\"inLanguage\":\"nl-NL\",\"@id\":\"https:\/\/capelle.ratiodesign.dev\/welzijn\/#\/schema\/logo\/image\/\",\"url\":\"https:\/\/capelle.ratiodesign.dev\/welzijn\/wp-content\/uploads\/sites\/9\/2022\/12\/logo.svg\",\"contentUrl\":\"https:\/\/capelle.ratiodesign.dev\/welzijn\/wp-content\/uploads\/sites\/9\/2022\/12\/logo.svg\",\"width\":1,\"height\":1,\"caption\":\"Welzijn Capelle\"},\"image\":{\"@id\":\"https:\/\/capelle.ratiodesign.dev\/welzijn\/#\/schema\/logo\/image\/\"}},{\"@type\":\"Person\",\"@id\":\"https:\/\/capelle.ratiodesign.dev\/welzijn\/#\/schema\/person\/fb4ce06452f744ff6b772cb7720e69db\",\"name\":\"admin\",\"image\":{\"@type\":\"ImageObject\",\"inLanguage\":\"nl-NL\",\"@id\":\"https:\/\/capelle.ratiodesign.dev\/welzijn\/#\/schema\/person\/image\/\",\"url\":\"https:\/\/secure.gravatar.com\/avatar\/11bf15cdc3f62ea656bbe95063e2c55fd83c3f9c373f93bbd5692994da015c2b?s=96&d=mm&r=g\",\"contentUrl\":\"https:\/\/secure.gravatar.com\/avatar\/11bf15cdc3f62ea656bbe95063e2c55fd83c3f9c373f93bbd5692994da015c2b?s=96&d=mm&r=g\",\"caption\":\"admin\"},\"url\":\"https:\/\/capelle.ratiodesign.dev\/welzijn\/nieuws\/author\/admin\/\"}]}<\/script>\n<!-- \/ Yoast SEO plugin. -->","yoast_head_json":{"title":"Nieuwe Huis van de Wijk bijna open - Welzijn Capelle","robots":{"index":"index","follow":"follow","max-snippet":"max-snippet:-1","max-image-preview":"max-image-preview:large","max-video-preview":"max-video-preview:-1"},"canonical":"https:\/\/capelle.ratiodesign.dev\/welzijn\/nieuws\/nieuwe-huis-van-de-wijk-bijna-open\/","og_locale":"nl_NL","og_type":"article","og_title":"Nieuwe Huis van de Wijk bijna open - Welzijn Capelle","og_description":"Op donderdag 17 augustus opent wethouder Faassen de nieuwe locatie van Huis van de Wijk en KinderLab Middelwatering aan de Lijstersingel. Op een h\u00e9\u00e9l bijzondere manier!","og_url":"https:\/\/capelle.ratiodesign.dev\/welzijn\/nieuws\/nieuwe-huis-van-de-wijk-bijna-open\/","og_site_name":"Welzijn Capelle","article_published_time":"2023-08-10T07:23:37+00:00","article_modified_time":"2023-08-10T08:47:12+00:00","og_image":[{"width":2455,"height":1850,"url":"https:\/\/capelle.ratiodesign.dev\/welzijn\/wp-content\/uploads\/sites\/9\/2023\/08\/Nieuwe-Huis-van-de-Wijk-Middelwatering-Lijstersingel.jpg","type":"image\/jpeg"}],"author":"admin","twitter_card":"summary_large_image","twitter_misc":{"Geschreven door":"admin","Geschatte leestijd":"1 minuut"},"schema":{"@context":"https:\/\/schema.org","@graph":[{"@type":"Article","@id":"https:\/\/capelle.ratiodesign.dev\/welzijn\/nieuws\/nieuwe-huis-van-de-wijk-bijna-open\/#article","isPartOf":{"@id":"https:\/\/capelle.ratiodesign.dev\/welzijn\/nieuws\/nieuwe-huis-van-de-wijk-bijna-open\/"},"author":{"name":"admin","@id":"https:\/\/capelle.ratiodesign.dev\/welzijn\/#\/schema\/person\/fb4ce06452f744ff6b772cb7720e69db"},"headline":"Nieuwe Huis van de Wijk bijna open","datePublished":"2023-08-10T07:23:37+00:00","dateModified":"2023-08-10T08:47:12+00:00","mainEntityOfPage":{"@id":"https:\/\/capelle.ratiodesign.dev\/welzijn\/nieuws\/nieuwe-huis-van-de-wijk-bijna-open\/"},"wordCount":252,"commentCount":0,"publisher":{"@id":"https:\/\/capelle.ratiodesign.dev\/welzijn\/#organization"},"image":{"@id":"https:\/\/capelle.ratiodesign.dev\/welzijn\/nieuws\/nieuwe-huis-van-de-wijk-bijna-open\/#primaryimage"},"thumbnailUrl":"https:\/\/capelle.ratiodesign.dev\/welzijn\/wp-content\/uploads\/sites\/9\/2023\/08\/Nieuwe-Huis-van-de-Wijk-Middelwatering-Lijstersingel.jpg","inLanguage":"nl-NL","potentialAction":[{"@type":"CommentAction","name":"Comment","target":["https:\/\/capelle.ratiodesign.dev\/welzijn\/nieuws\/nieuwe-huis-van-de-wijk-bijna-open\/#respond"]}]},{"@type":"WebPage","@id":"https:\/\/capelle.ratiodesign.dev\/welzijn\/nieuws\/nieuwe-huis-van-de-wijk-bijna-open\/","url":"https:\/\/capelle.ratiodesign.dev\/welzijn\/nieuws\/nieuwe-huis-van-de-wijk-bijna-open\/","name":"Nieuwe Huis van de Wijk bijna open - Welzijn Capelle","isPartOf":{"@id":"https:\/\/capelle.ratiodesign.dev\/welzijn\/#website"},"primaryImageOfPage":{"@id":"https:\/\/capelle.ratiodesign.dev\/welzijn\/nieuws\/nieuwe-huis-van-de-wijk-bijna-open\/#primaryimage"},"image":{"@id":"https:\/\/capelle.ratiodesign.dev\/welzijn\/nieuws\/nieuwe-huis-van-de-wijk-bijna-open\/#primaryimage"},"thumbnailUrl":"https:\/\/capelle.ratiodesign.dev\/welzijn\/wp-content\/uploads\/sites\/9\/2023\/08\/Nieuwe-Huis-van-de-Wijk-Middelwatering-Lijstersingel.jpg","datePublished":"2023-08-10T07:23:37+00:00","dateModified":"2023-08-10T08:47:12+00:00","breadcrumb":{"@id":"https:\/\/capelle.ratiodesign.dev\/welzijn\/nieuws\/nieuwe-huis-van-de-wijk-bijna-open\/#breadcrumb"},"inLanguage":"nl-NL","potentialAction":[{"@type":"ReadAction","target":["https:\/\/capelle.ratiodesign.dev\/welzijn\/nieuws\/nieuwe-huis-van-de-wijk-bijna-open\/"]}]},{"@type":"ImageObject","inLanguage":"nl-NL","@id":"https:\/\/capelle.ratiodesign.dev\/welzijn\/nieuws\/nieuwe-huis-van-de-wijk-bijna-open\/#primaryimage","url":"https:\/\/capelle.ratiodesign.dev\/welzijn\/wp-content\/uploads\/sites\/9\/2023\/08\/Nieuwe-Huis-van-de-Wijk-Middelwatering-Lijstersingel.jpg","contentUrl":"https:\/\/capelle.ratiodesign.dev\/welzijn\/wp-content\/uploads\/sites\/9\/2023\/08\/Nieuwe-Huis-van-de-Wijk-Middelwatering-Lijstersingel.jpg","width":2455,"height":1850,"caption":"Huis van de Wijk Middelwatering Lijstersingel"},{"@type":"BreadcrumbList","@id":"https:\/\/capelle.ratiodesign.dev\/welzijn\/nieuws\/nieuwe-huis-van-de-wijk-bijna-open\/#breadcrumb","itemListElement":[{"@type":"ListItem","position":1,"name":"Home","item":"https:\/\/capelle.ratiodesign.dev\/welzijn\/"},{"@type":"ListItem","position":2,"name":"Nieuwe Huis van de Wijk bijna open"}]},{"@type":"WebSite","@id":"https:\/\/capelle.ratiodesign.dev\/welzijn\/#website","url":"https:\/\/capelle.ratiodesign.dev\/welzijn\/","name":"Welzijn Capelle","description":"","publisher":{"@id":"https:\/\/capelle.ratiodesign.dev\/welzijn\/#organization"},"potentialAction":[{"@type":"SearchAction","target":{"@type":"EntryPoint","urlTemplate":"https:\/\/capelle.ratiodesign.dev\/welzijn\/?s={search_term_string}"},"query-input":{"@type":"PropertyValueSpecification","valueRequired":true,"valueName":"search_term_string"}}],"inLanguage":"nl-NL"},{"@type":"Organization","@id":"https:\/\/capelle.ratiodesign.dev\/welzijn\/#organization","name":"Welzijn Capelle","url":"https:\/\/capelle.ratiodesign.dev\/welzijn\/","logo":{"@type":"ImageObject","inLanguage":"nl-NL","@id":"https:\/\/capelle.ratiodesign.dev\/welzijn\/#\/schema\/logo\/image\/","url":"https:\/\/capelle.ratiodesign.dev\/welzijn\/wp-content\/uploads\/sites\/9\/2022\/12\/logo.svg","contentUrl":"https:\/\/capelle.ratiodesign.dev\/welzijn\/wp-content\/uploads\/sites\/9\/2022\/12\/logo.svg","width":1,"height":1,"caption":"Welzijn Capelle"},"image":{"@id":"https:\/\/capelle.ratiodesign.dev\/welzijn\/#\/schema\/logo\/image\/"}},{"@type":"Person","@id":"https:\/\/capelle.ratiodesign.dev\/welzijn\/#\/schema\/person\/fb4ce06452f744ff6b772cb7720e69db","name":"admin","image":{"@type":"ImageObject","inLanguage":"nl-NL","@id":"https:\/\/capelle.ratiodesign.dev\/welzijn\/#\/schema\/person\/image\/","url":"https:\/\/secure.gravatar.com\/avatar\/11bf15cdc3f62ea656bbe95063e2c55fd83c3f9c373f93bbd5692994da015c2b?s=96&d=mm&r=g","contentUrl":"https:\/\/secure.gravatar.com\/avatar\/11bf15cdc3f62ea656bbe95063e2c55fd83c3f9c373f93bbd5692994da015c2b?s=96&d=mm&r=g","caption":"admin"},"url":"https:\/\/capelle.ratiodesign.dev\/welzijn\/nieuws\/author\/admin\/"}]}},"_links":{"self":[{"href":"https:\/\/capelle.ratiodesign.dev\/welzijn\/wp-json\/wp\/v2\/posts\/3274","targetHints":{"allow":["GET"]}}],"collection":[{"href":"https:\/\/capelle.ratiodesign.dev\/welzijn\/wp-json\/wp\/v2\/posts"}],"about":[{"href":"https:\/\/capelle.ratiodesign.dev\/welzijn\/wp-json\/wp\/v2\/types\/post"}],"author":[{"embeddable":true,"href":"https:\/\/capelle.ratiodesign.dev\/welzijn\/wp-json\/wp\/v2\/users\/1"}],"replies":[{"embeddable":true,"href":"https:\/\/capelle.ratiodesign.dev\/welzijn\/wp-json\/wp\/v2\/comments?post=3274"}],"version-history":[{"count":4,"href":"https:\/\/capelle.ratiodesign.dev\/welzijn\/wp-json\/wp\/v2\/posts\/3274\/revisions"}],"predecessor-version":[{"id":3289,"href":"https:\/\/capelle.ratiodesign.dev\/welzijn\/wp-json\/wp\/v2\/posts\/3274\/revisions\/3289"}],"wp:featuredmedia":[{"embeddable":true,"href":"https:\/\/capelle.ratiodesign.dev\/welzijn\/wp-json\/wp\/v2\/media\/3286"}],"wp:attachment":[{"href":"https:\/\/capelle.ratiodesign.dev\/welzijn\/wp-json\/wp\/v2\/media?parent=3274"}],"wp:term":[{"taxonomy":"category","embeddable":true,"href":"https:\/\/capelle.ratiodesign.dev\/welzijn\/wp-json\/wp\/v2\/categories?post=3274"},{"taxonomy":"post_tag","embeddable":true,"href":"https:\/\/capelle.ratiodesign.dev\/welzijn\/wp-json\/wp\/v2\/tags?post=3274"},{"taxonomy":"age","embeddable":true,"href":"https:\/\/capelle.ratiodesign.dev\/welzijn\/wp-json\/wp\/v2\/age?post=3274"},{"taxonomy":"area","embeddable":true,"href":"https:\/\/capelle.ratiodesign.dev\/welzijn\/wp-json\/wp\/v2\/area?post=3274"},{"taxonomy":"theme","embeddable":true,"href":"https:\/\/capelle.ratiodesign.dev\/welzijn\/wp-json\/wp\/v2\/theme?post=3274"}],"curies":[{"name":"wp","href":"https:\/\/api.w.org\/{rel}","templated":true}]}}