{"id":2578,"date":"2023-04-13T19:02:44","date_gmt":"2023-04-13T17:02:44","guid":{"rendered":"https:\/\/www.welzijncapelle.nl\/?p=2578"},"modified":"2023-04-13T19:02:45","modified_gmt":"2023-04-13T17:02:45","slug":"nieuwe-trainingen-bij-kenniscentrum-capelledoet","status":"publish","type":"post","link":"https:\/\/capelle.ratiodesign.dev\/welzijn\/nieuws\/nieuwe-trainingen-bij-kenniscentrum-capelledoet\/","title":{"rendered":"Nieuwe trainingen bij Kenniscentrum CapelleDoet"},"content":{"rendered":"\n<div class=\"wp-block-group is-layout-constrained wp-block-group-is-layout-constrained\" style=\"padding-top:var(--wp--preset--spacing--5);padding-bottom:var(--wp--preset--spacing--5)\">\n<h1 class=\"wp-block-heading\">Nieuwe trainingen bij Kenniscentrum CapelleDoet<\/h1>\n\n\n\n<p class=\"has-blue-color has-text-color has-medium-font-size\">Ook in mei en juni kunnen vrijwilligers, vrijwilligersorganisaties en andere Capellenaren heel veel leuke en leerzame trainingen en workshops volgen bij het Kenniscentrum van CapelleDoet. Gratis! Leren opkomen voor jezelf, hoe je social media gebruikt voor je vrijwilligersorganisatie, of hoe je de beste foto&#8217;s maakt met je telefoon. En nog veel meer.<\/p>\n\n\n\n<div class=\"wp-block-columns is-layout-flex wp-container-core-columns-is-layout-28f84493 wp-block-columns-is-layout-flex\">\n<div class=\"wp-block-column is-layout-flow wp-block-column-is-layout-flow\">\n<div class=\"wp-block-group is-layout-constrained wp-block-group-is-layout-constrained\">\n<p>Op <a href=\"http:\/\/www.capelledoet.nl\" target=\"_blank\" rel=\"noreferrer noopener\">CapelleDoet<\/a> staan \u2013 behalve allerlei vrijwilligerswerk (voor \u00e9\u00e9n keer of voor vaker) \u2013 de professionele, gratis trainingen van het Kenniscentrum van CapelleDoet. Zoals deze:<\/p>\n\n\n\n<p><strong>Opkomen voor jezelf\u2026 met oog voor de ander<\/strong><br>Na deze training sta je steviger in je schoenen. Hoe stel je je assertief op en maak je iemand duidelijk wat je wel of niet wilt?<br><em>di. 9 mei, 13.30 &#8211; 16.30 uur<\/em><\/p>\n<\/div>\n<\/div>\n\n\n\n<div class=\"wp-block-column is-layout-flow wp-block-column-is-layout-flow\"><figure class=\"wp-block-post-featured-image\"><img loading=\"lazy\" decoding=\"async\" width=\"768\" height=\"468\" src=\"https:\/\/capelle.ratiodesign.dev\/welzijn\/wp-content\/uploads\/sites\/9\/2023\/04\/2303-Trainingskalender_mei_juni.jpg\" class=\"attachment-post-thumbnail size-post-thumbnail wp-post-image\" alt=\"\" style=\"object-fit:cover;\" srcset=\"https:\/\/capelle.ratiodesign.dev\/welzijn\/wp-content\/uploads\/sites\/9\/2023\/04\/2303-Trainingskalender_mei_juni.jpg 768w, https:\/\/capelle.ratiodesign.dev\/welzijn\/wp-content\/uploads\/sites\/9\/2023\/04\/2303-Trainingskalender_mei_juni-300x183.jpg 300w\" sizes=\"auto, (max-width: 768px) 100vw, 768px\" \/><\/figure><\/div>\n<\/div>\n\n\n\n<p><strong>Nut en noodzaak van vertrouwenspersonen<\/strong><br>In twee uur denken we na over de vraag waarom een vertrouwenspersoon belangr\u0133k kan z\u0133n voor jullie vrijwilligersorganisatie. Met ook aanvullende informatie over de gratis VOG (verklaring omtrent gedrag).<br><em>di. 9 mei, 19.30 &#8211; 21.30 uur<\/em><\/p>\n\n\n\n<p><strong>Signaleren van financi\u00eble problemen<\/strong><br>Leer waarom financi\u00eble problemen vaak moeil\u0133k te herkennen z\u0133n en hoe je mensen op weg kunt helpen naar de oplossing.<br><em>do. 11 mei, 9.30 &#8211; 13.00 uur<\/em><\/p>\n\n\n\n<p><strong>Interculturele communicatie<\/strong><br>Elkaar beter leren begr\u0133pen in taal, normen, waarden en gedragscodes.<br><em>wo. 24 mei, 13.30 &#8211; 17.00 uur<\/em><\/p>\n\n\n\n<p><strong>Goed gevoed ouder worden<\/strong><br>Allerlei informatie en advies over goede voeding, ondervoeding en beweging b\u0133 ouder worden.<br><em>wo. 7 juni, 13.30 &#8211; 16.00 uur<\/em><\/p>\n\n\n\n<p><strong>Social media<\/strong><br>Veel handvatten om aan de slag te gaan met een contentplan en een socialmedia-strategie.<br><em>do. 8 juni, 13.00 &#8211; 15.00 uur<\/em><\/p>\n\n\n\n<p><strong>Fotografie met je telefoon<\/strong><br>Een professionele fotograaf verklapt de kneepjes om de beste foto\u2019s te maken \u2013 gewoon met je eigen mobiel.<br><em>di. 20 juni, 13.00 &#8211; 17.00 uur<\/em><\/p>\n\n\n\n<p><strong>Meer info en inschrijven<\/strong><br>Voor meer info en inschrijven, zie <a href=\"http:\/\/www.capelledoet.nl\/trainingen-workshops\" target=\"_blank\" rel=\"noreferrer noopener\">CapelleDoet<\/a>. Op de trainingskalender van het Kenniscentrum staan ook e-learnings en webinars om vanuit huis te doen.<\/p>\n\n\n\n<p><em>CapelleDoet is onderdeel van Welzijn Capelle.<\/em><\/p>\n\n\n\n<p class=\"has-blue-color has-text-color has-link-color wp-elements-1e4930b6ebb6e52637ea022a8c6b3580\" style=\"margin-bottom:0\"><br> <\/p>\n\n\n\n<p><br><\/p>\n<\/div>\n","protected":false},"excerpt":{"rendered":"<p>Ook in mei en juni kunnen vrijwilligers, vrijwilligersorganisaties en andere Capellenaren heel veel leuke en leerzame trainingen en workshops volgen bij het Kenniscentrum van CapelleDoet. Gratis!<\/p>\n","protected":false},"author":16,"featured_media":2579,"comment_status":"closed","ping_status":"open","sticky":false,"template":"","format":"standard","meta":{"footnotes":""},"categories":[],"tags":[],"age":[34,33],"area":[],"theme":[40],"class_list":["post-2578","post","type-post","status-publish","format-standard","has-post-thumbnail","hentry","age-senioren","age-volwassenen","theme-geld-werk"],"yoast_head":"<!-- This site is optimized with the Yoast SEO plugin v23.5 - https:\/\/yoast.com\/wordpress\/plugins\/seo\/ -->\n<title>Nieuwe trainingen bij Kenniscentrum CapelleDoet - Welzijn Capelle<\/title>\n<meta name=\"description\" content=\"Voor vrouwen in Capelle aan den IJssel die te maken hebben (gehad) met huiselijk geweld, heeft Welzijn Capelle de training \u2018Krachtige Vrouwen\u2019.\" \/>\n<meta name=\"robots\" content=\"index, follow, max-snippet:-1, max-image-preview:large, max-video-preview:-1\" \/>\n<link rel=\"canonical\" href=\"https:\/\/capelle.ratiodesign.dev\/welzijn\/nieuws\/nieuwe-trainingen-bij-kenniscentrum-capelledoet\/\" \/>\n<meta property=\"og:locale\" content=\"nl_NL\" \/>\n<meta property=\"og:type\" content=\"article\" \/>\n<meta property=\"og:title\" content=\"Nieuwe trainingen bij Kenniscentrum CapelleDoet - Welzijn Capelle\" \/>\n<meta property=\"og:description\" content=\"Voor vrouwen in Capelle aan den IJssel die te maken hebben (gehad) met huiselijk geweld, heeft Welzijn Capelle de training \u2018Krachtige Vrouwen\u2019.\" \/>\n<meta property=\"og:url\" content=\"https:\/\/capelle.ratiodesign.dev\/welzijn\/nieuws\/nieuwe-trainingen-bij-kenniscentrum-capelledoet\/\" \/>\n<meta property=\"og:site_name\" content=\"Welzijn Capelle\" \/>\n<meta property=\"article:published_time\" content=\"2023-04-13T17:02:44+00:00\" \/>\n<meta property=\"article:modified_time\" content=\"2023-04-13T17:02:45+00:00\" \/>\n<meta property=\"og:image\" content=\"https:\/\/capelle.ratiodesign.dev\/welzijn\/wp-content\/uploads\/sites\/9\/2023\/04\/2303-Trainingskalender_mei_juni.jpg\" \/>\n\t<meta property=\"og:image:width\" content=\"768\" \/>\n\t<meta property=\"og:image:height\" content=\"468\" \/>\n\t<meta property=\"og:image:type\" content=\"image\/jpeg\" \/>\n<meta name=\"author\" content=\"monique\" \/>\n<meta name=\"twitter:card\" content=\"summary_large_image\" \/>\n<meta name=\"twitter:label1\" content=\"Geschreven door\" \/>\n\t<meta name=\"twitter:data1\" content=\"monique\" \/>\n\t<meta name=\"twitter:label2\" content=\"Geschatte leestijd\" \/>\n\t<meta name=\"twitter:data2\" content=\"2 minuten\" \/>\n<script type=\"application\/ld+json\" class=\"yoast-schema-graph\">{\"@context\":\"https:\/\/schema.org\",\"@graph\":[{\"@type\":\"Article\",\"@id\":\"https:\/\/capelle.ratiodesign.dev\/welzijn\/nieuws\/nieuwe-trainingen-bij-kenniscentrum-capelledoet\/#article\",\"isPartOf\":{\"@id\":\"https:\/\/capelle.ratiodesign.dev\/welzijn\/nieuws\/nieuwe-trainingen-bij-kenniscentrum-capelledoet\/\"},\"author\":{\"name\":\"monique\",\"@id\":\"https:\/\/capelle.ratiodesign.dev\/welzijn\/#\/schema\/person\/5515ae35a4305ef69ec3f29d7665fdcd\"},\"headline\":\"Nieuwe trainingen bij Kenniscentrum CapelleDoet\",\"datePublished\":\"2023-04-13T17:02:44+00:00\",\"dateModified\":\"2023-04-13T17:02:45+00:00\",\"mainEntityOfPage\":{\"@id\":\"https:\/\/capelle.ratiodesign.dev\/welzijn\/nieuws\/nieuwe-trainingen-bij-kenniscentrum-capelledoet\/\"},\"wordCount\":313,\"publisher\":{\"@id\":\"https:\/\/capelle.ratiodesign.dev\/welzijn\/#organization\"},\"image\":{\"@id\":\"https:\/\/capelle.ratiodesign.dev\/welzijn\/nieuws\/nieuwe-trainingen-bij-kenniscentrum-capelledoet\/#primaryimage\"},\"thumbnailUrl\":\"https:\/\/capelle.ratiodesign.dev\/welzijn\/wp-content\/uploads\/sites\/9\/2023\/04\/2303-Trainingskalender_mei_juni.jpg\",\"inLanguage\":\"nl-NL\"},{\"@type\":\"WebPage\",\"@id\":\"https:\/\/capelle.ratiodesign.dev\/welzijn\/nieuws\/nieuwe-trainingen-bij-kenniscentrum-capelledoet\/\",\"url\":\"https:\/\/capelle.ratiodesign.dev\/welzijn\/nieuws\/nieuwe-trainingen-bij-kenniscentrum-capelledoet\/\",\"name\":\"Nieuwe trainingen bij Kenniscentrum CapelleDoet - Welzijn Capelle\",\"isPartOf\":{\"@id\":\"https:\/\/capelle.ratiodesign.dev\/welzijn\/#website\"},\"primaryImageOfPage\":{\"@id\":\"https:\/\/capelle.ratiodesign.dev\/welzijn\/nieuws\/nieuwe-trainingen-bij-kenniscentrum-capelledoet\/#primaryimage\"},\"image\":{\"@id\":\"https:\/\/capelle.ratiodesign.dev\/welzijn\/nieuws\/nieuwe-trainingen-bij-kenniscentrum-capelledoet\/#primaryimage\"},\"thumbnailUrl\":\"https:\/\/capelle.ratiodesign.dev\/welzijn\/wp-content\/uploads\/sites\/9\/2023\/04\/2303-Trainingskalender_mei_juni.jpg\",\"datePublished\":\"2023-04-13T17:02:44+00:00\",\"dateModified\":\"2023-04-13T17:02:45+00:00\",\"description\":\"Voor vrouwen in Capelle aan den IJssel die te maken hebben (gehad) met huiselijk geweld, heeft Welzijn Capelle de training \u2018Krachtige Vrouwen\u2019.\",\"breadcrumb\":{\"@id\":\"https:\/\/capelle.ratiodesign.dev\/welzijn\/nieuws\/nieuwe-trainingen-bij-kenniscentrum-capelledoet\/#breadcrumb\"},\"inLanguage\":\"nl-NL\",\"potentialAction\":[{\"@type\":\"ReadAction\",\"target\":[\"https:\/\/capelle.ratiodesign.dev\/welzijn\/nieuws\/nieuwe-trainingen-bij-kenniscentrum-capelledoet\/\"]}]},{\"@type\":\"ImageObject\",\"inLanguage\":\"nl-NL\",\"@id\":\"https:\/\/capelle.ratiodesign.dev\/welzijn\/nieuws\/nieuwe-trainingen-bij-kenniscentrum-capelledoet\/#primaryimage\",\"url\":\"https:\/\/capelle.ratiodesign.dev\/welzijn\/wp-content\/uploads\/sites\/9\/2023\/04\/2303-Trainingskalender_mei_juni.jpg\",\"contentUrl\":\"https:\/\/capelle.ratiodesign.dev\/welzijn\/wp-content\/uploads\/sites\/9\/2023\/04\/2303-Trainingskalender_mei_juni.jpg\",\"width\":768,\"height\":468},{\"@type\":\"BreadcrumbList\",\"@id\":\"https:\/\/capelle.ratiodesign.dev\/welzijn\/nieuws\/nieuwe-trainingen-bij-kenniscentrum-capelledoet\/#breadcrumb\",\"itemListElement\":[{\"@type\":\"ListItem\",\"position\":1,\"name\":\"Home\",\"item\":\"https:\/\/capelle.ratiodesign.dev\/welzijn\/\"},{\"@type\":\"ListItem\",\"position\":2,\"name\":\"Nieuwe trainingen bij Kenniscentrum CapelleDoet\"}]},{\"@type\":\"WebSite\",\"@id\":\"https:\/\/capelle.ratiodesign.dev\/welzijn\/#website\",\"url\":\"https:\/\/capelle.ratiodesign.dev\/welzijn\/\",\"name\":\"Welzijn Capelle\",\"description\":\"\",\"publisher\":{\"@id\":\"https:\/\/capelle.ratiodesign.dev\/welzijn\/#organization\"},\"potentialAction\":[{\"@type\":\"SearchAction\",\"target\":{\"@type\":\"EntryPoint\",\"urlTemplate\":\"https:\/\/capelle.ratiodesign.dev\/welzijn\/?s={search_term_string}\"},\"query-input\":{\"@type\":\"PropertyValueSpecification\",\"valueRequired\":true,\"valueName\":\"search_term_string\"}}],\"inLanguage\":\"nl-NL\"},{\"@type\":\"Organization\",\"@id\":\"https:\/\/capelle.ratiodesign.dev\/welzijn\/#organization\",\"name\":\"Welzijn Capelle\",\"url\":\"https:\/\/capelle.ratiodesign.dev\/welzijn\/\",\"logo\":{\"@type\":\"ImageObject\",\"inLanguage\":\"nl-NL\",\"@id\":\"https:\/\/capelle.ratiodesign.dev\/welzijn\/#\/schema\/logo\/image\/\",\"url\":\"https:\/\/capelle.ratiodesign.dev\/welzijn\/wp-content\/uploads\/sites\/9\/2022\/12\/logo.svg\",\"contentUrl\":\"https:\/\/capelle.ratiodesign.dev\/welzijn\/wp-content\/uploads\/sites\/9\/2022\/12\/logo.svg\",\"width\":1,\"height\":1,\"caption\":\"Welzijn Capelle\"},\"image\":{\"@id\":\"https:\/\/capelle.ratiodesign.dev\/welzijn\/#\/schema\/logo\/image\/\"}},{\"@type\":\"Person\",\"@id\":\"https:\/\/capelle.ratiodesign.dev\/welzijn\/#\/schema\/person\/5515ae35a4305ef69ec3f29d7665fdcd\",\"name\":\"monique\",\"image\":{\"@type\":\"ImageObject\",\"inLanguage\":\"nl-NL\",\"@id\":\"https:\/\/capelle.ratiodesign.dev\/welzijn\/#\/schema\/person\/image\/\",\"url\":\"https:\/\/secure.gravatar.com\/avatar\/b2ea66c6dc32ec9a6c8ec40ae60e67e7b86621476f9679a8c3c8201e6f3d3e44?s=96&d=mm&r=g\",\"contentUrl\":\"https:\/\/secure.gravatar.com\/avatar\/b2ea66c6dc32ec9a6c8ec40ae60e67e7b86621476f9679a8c3c8201e6f3d3e44?s=96&d=mm&r=g\",\"caption\":\"monique\"},\"url\":\"https:\/\/capelle.ratiodesign.dev\/welzijn\/nieuws\/author\/monique\/\"}]}<\/script>\n<!-- \/ Yoast SEO plugin. -->","yoast_head_json":{"title":"Nieuwe trainingen bij Kenniscentrum CapelleDoet - Welzijn Capelle","description":"Voor vrouwen in Capelle aan den IJssel die te maken hebben (gehad) met huiselijk geweld, heeft Welzijn Capelle de training \u2018Krachtige Vrouwen\u2019.","robots":{"index":"index","follow":"follow","max-snippet":"max-snippet:-1","max-image-preview":"max-image-preview:large","max-video-preview":"max-video-preview:-1"},"canonical":"https:\/\/capelle.ratiodesign.dev\/welzijn\/nieuws\/nieuwe-trainingen-bij-kenniscentrum-capelledoet\/","og_locale":"nl_NL","og_type":"article","og_title":"Nieuwe trainingen bij Kenniscentrum CapelleDoet - Welzijn Capelle","og_description":"Voor vrouwen in Capelle aan den IJssel die te maken hebben (gehad) met huiselijk geweld, heeft Welzijn Capelle de training \u2018Krachtige Vrouwen\u2019.","og_url":"https:\/\/capelle.ratiodesign.dev\/welzijn\/nieuws\/nieuwe-trainingen-bij-kenniscentrum-capelledoet\/","og_site_name":"Welzijn Capelle","article_published_time":"2023-04-13T17:02:44+00:00","article_modified_time":"2023-04-13T17:02:45+00:00","og_image":[{"width":768,"height":468,"url":"https:\/\/capelle.ratiodesign.dev\/welzijn\/wp-content\/uploads\/sites\/9\/2023\/04\/2303-Trainingskalender_mei_juni.jpg","type":"image\/jpeg"}],"author":"monique","twitter_card":"summary_large_image","twitter_misc":{"Geschreven door":"monique","Geschatte leestijd":"2 minuten"},"schema":{"@context":"https:\/\/schema.org","@graph":[{"@type":"Article","@id":"https:\/\/capelle.ratiodesign.dev\/welzijn\/nieuws\/nieuwe-trainingen-bij-kenniscentrum-capelledoet\/#article","isPartOf":{"@id":"https:\/\/capelle.ratiodesign.dev\/welzijn\/nieuws\/nieuwe-trainingen-bij-kenniscentrum-capelledoet\/"},"author":{"name":"monique","@id":"https:\/\/capelle.ratiodesign.dev\/welzijn\/#\/schema\/person\/5515ae35a4305ef69ec3f29d7665fdcd"},"headline":"Nieuwe trainingen bij Kenniscentrum CapelleDoet","datePublished":"2023-04-13T17:02:44+00:00","dateModified":"2023-04-13T17:02:45+00:00","mainEntityOfPage":{"@id":"https:\/\/capelle.ratiodesign.dev\/welzijn\/nieuws\/nieuwe-trainingen-bij-kenniscentrum-capelledoet\/"},"wordCount":313,"publisher":{"@id":"https:\/\/capelle.ratiodesign.dev\/welzijn\/#organization"},"image":{"@id":"https:\/\/capelle.ratiodesign.dev\/welzijn\/nieuws\/nieuwe-trainingen-bij-kenniscentrum-capelledoet\/#primaryimage"},"thumbnailUrl":"https:\/\/capelle.ratiodesign.dev\/welzijn\/wp-content\/uploads\/sites\/9\/2023\/04\/2303-Trainingskalender_mei_juni.jpg","inLanguage":"nl-NL"},{"@type":"WebPage","@id":"https:\/\/capelle.ratiodesign.dev\/welzijn\/nieuws\/nieuwe-trainingen-bij-kenniscentrum-capelledoet\/","url":"https:\/\/capelle.ratiodesign.dev\/welzijn\/nieuws\/nieuwe-trainingen-bij-kenniscentrum-capelledoet\/","name":"Nieuwe trainingen bij Kenniscentrum CapelleDoet - Welzijn Capelle","isPartOf":{"@id":"https:\/\/capelle.ratiodesign.dev\/welzijn\/#website"},"primaryImageOfPage":{"@id":"https:\/\/capelle.ratiodesign.dev\/welzijn\/nieuws\/nieuwe-trainingen-bij-kenniscentrum-capelledoet\/#primaryimage"},"image":{"@id":"https:\/\/capelle.ratiodesign.dev\/welzijn\/nieuws\/nieuwe-trainingen-bij-kenniscentrum-capelledoet\/#primaryimage"},"thumbnailUrl":"https:\/\/capelle.ratiodesign.dev\/welzijn\/wp-content\/uploads\/sites\/9\/2023\/04\/2303-Trainingskalender_mei_juni.jpg","datePublished":"2023-04-13T17:02:44+00:00","dateModified":"2023-04-13T17:02:45+00:00","description":"Voor vrouwen in Capelle aan den IJssel die te maken hebben (gehad) met huiselijk geweld, heeft Welzijn Capelle de training \u2018Krachtige Vrouwen\u2019.","breadcrumb":{"@id":"https:\/\/capelle.ratiodesign.dev\/welzijn\/nieuws\/nieuwe-trainingen-bij-kenniscentrum-capelledoet\/#breadcrumb"},"inLanguage":"nl-NL","potentialAction":[{"@type":"ReadAction","target":["https:\/\/capelle.ratiodesign.dev\/welzijn\/nieuws\/nieuwe-trainingen-bij-kenniscentrum-capelledoet\/"]}]},{"@type":"ImageObject","inLanguage":"nl-NL","@id":"https:\/\/capelle.ratiodesign.dev\/welzijn\/nieuws\/nieuwe-trainingen-bij-kenniscentrum-capelledoet\/#primaryimage","url":"https:\/\/capelle.ratiodesign.dev\/welzijn\/wp-content\/uploads\/sites\/9\/2023\/04\/2303-Trainingskalender_mei_juni.jpg","contentUrl":"https:\/\/capelle.ratiodesign.dev\/welzijn\/wp-content\/uploads\/sites\/9\/2023\/04\/2303-Trainingskalender_mei_juni.jpg","width":768,"height":468},{"@type":"BreadcrumbList","@id":"https:\/\/capelle.ratiodesign.dev\/welzijn\/nieuws\/nieuwe-trainingen-bij-kenniscentrum-capelledoet\/#breadcrumb","itemListElement":[{"@type":"ListItem","position":1,"name":"Home","item":"https:\/\/capelle.ratiodesign.dev\/welzijn\/"},{"@type":"ListItem","position":2,"name":"Nieuwe trainingen bij Kenniscentrum CapelleDoet"}]},{"@type":"WebSite","@id":"https:\/\/capelle.ratiodesign.dev\/welzijn\/#website","url":"https:\/\/capelle.ratiodesign.dev\/welzijn\/","name":"Welzijn Capelle","description":"","publisher":{"@id":"https:\/\/capelle.ratiodesign.dev\/welzijn\/#organization"},"potentialAction":[{"@type":"SearchAction","target":{"@type":"EntryPoint","urlTemplate":"https:\/\/capelle.ratiodesign.dev\/welzijn\/?s={search_term_string}"},"query-input":{"@type":"PropertyValueSpecification","valueRequired":true,"valueName":"search_term_string"}}],"inLanguage":"nl-NL"},{"@type":"Organization","@id":"https:\/\/capelle.ratiodesign.dev\/welzijn\/#organization","name":"Welzijn Capelle","url":"https:\/\/capelle.ratiodesign.dev\/welzijn\/","logo":{"@type":"ImageObject","inLanguage":"nl-NL","@id":"https:\/\/capelle.ratiodesign.dev\/welzijn\/#\/schema\/logo\/image\/","url":"https:\/\/capelle.ratiodesign.dev\/welzijn\/wp-content\/uploads\/sites\/9\/2022\/12\/logo.svg","contentUrl":"https:\/\/capelle.ratiodesign.dev\/welzijn\/wp-content\/uploads\/sites\/9\/2022\/12\/logo.svg","width":1,"height":1,"caption":"Welzijn Capelle"},"image":{"@id":"https:\/\/capelle.ratiodesign.dev\/welzijn\/#\/schema\/logo\/image\/"}},{"@type":"Person","@id":"https:\/\/capelle.ratiodesign.dev\/welzijn\/#\/schema\/person\/5515ae35a4305ef69ec3f29d7665fdcd","name":"monique","image":{"@type":"ImageObject","inLanguage":"nl-NL","@id":"https:\/\/capelle.ratiodesign.dev\/welzijn\/#\/schema\/person\/image\/","url":"https:\/\/secure.gravatar.com\/avatar\/b2ea66c6dc32ec9a6c8ec40ae60e67e7b86621476f9679a8c3c8201e6f3d3e44?s=96&d=mm&r=g","contentUrl":"https:\/\/secure.gravatar.com\/avatar\/b2ea66c6dc32ec9a6c8ec40ae60e67e7b86621476f9679a8c3c8201e6f3d3e44?s=96&d=mm&r=g","caption":"monique"},"url":"https:\/\/capelle.ratiodesign.dev\/welzijn\/nieuws\/author\/monique\/"}]}},"_links":{"self":[{"href":"https:\/\/capelle.ratiodesign.dev\/welzijn\/wp-json\/wp\/v2\/posts\/2578","targetHints":{"allow":["GET"]}}],"collection":[{"href":"https:\/\/capelle.ratiodesign.dev\/welzijn\/wp-json\/wp\/v2\/posts"}],"about":[{"href":"https:\/\/capelle.ratiodesign.dev\/welzijn\/wp-json\/wp\/v2\/types\/post"}],"author":[{"embeddable":true,"href":"https:\/\/capelle.ratiodesign.dev\/welzijn\/wp-json\/wp\/v2\/users\/16"}],"replies":[{"embeddable":true,"href":"https:\/\/capelle.ratiodesign.dev\/welzijn\/wp-json\/wp\/v2\/comments?post=2578"}],"version-history":[{"count":1,"href":"https:\/\/capelle.ratiodesign.dev\/welzijn\/wp-json\/wp\/v2\/posts\/2578\/revisions"}],"predecessor-version":[{"id":2583,"href":"https:\/\/capelle.ratiodesign.dev\/welzijn\/wp-json\/wp\/v2\/posts\/2578\/revisions\/2583"}],"wp:featuredmedia":[{"embeddable":true,"href":"https:\/\/capelle.ratiodesign.dev\/welzijn\/wp-json\/wp\/v2\/media\/2579"}],"wp:attachment":[{"href":"https:\/\/capelle.ratiodesign.dev\/welzijn\/wp-json\/wp\/v2\/media?parent=2578"}],"wp:term":[{"taxonomy":"category","embeddable":true,"href":"https:\/\/capelle.ratiodesign.dev\/welzijn\/wp-json\/wp\/v2\/categories?post=2578"},{"taxonomy":"post_tag","embeddable":true,"href":"https:\/\/capelle.ratiodesign.dev\/welzijn\/wp-json\/wp\/v2\/tags?post=2578"},{"taxonomy":"age","embeddable":true,"href":"https:\/\/capelle.ratiodesign.dev\/welzijn\/wp-json\/wp\/v2\/age?post=2578"},{"taxonomy":"area","embeddable":true,"href":"https:\/\/capelle.ratiodesign.dev\/welzijn\/wp-json\/wp\/v2\/area?post=2578"},{"taxonomy":"theme","embeddable":true,"href":"https:\/\/capelle.ratiodesign.dev\/welzijn\/wp-json\/wp\/v2\/theme?post=2578"}],"curies":[{"name":"wp","href":"https:\/\/api.w.org\/{rel}","templated":true}]}}