{"id":2405,"date":"2021-04-05T14:24:00","date_gmt":"2021-04-05T14:24:00","guid":{"rendered":"https:\/\/capelle.ratiodesign.dev\/welzijn\/?p=2405"},"modified":"2023-04-05T15:11:23","modified_gmt":"2023-04-05T15:11:23","slug":"jongeren-betrekken-om-eenzaamheid-te-voorkomen","status":"publish","type":"post","link":"https:\/\/capelle.ratiodesign.dev\/welzijn\/nieuws\/jongeren-betrekken-om-eenzaamheid-te-voorkomen\/","title":{"rendered":"Jongeren betrekken om eenzaamheid te voorkomen"},"content":{"rendered":"\n<div class=\"wp-block-group is-layout-constrained wp-block-group-is-layout-constrained\" style=\"padding-top:var(--wp--preset--spacing--5);padding-bottom:var(--wp--preset--spacing--5)\">\n<h1 class=\"wp-block-heading\">&#8216;Als je jongeren n\u00fa betrekt, worden het nooit eenzame ouderen&#8217;<\/h1>\n\n\n\n<p class=\"has-blue-color has-text-color has-medium-font-size\">Sija zit op yoga, zingt bij twee zangkoren en doet aan meditatief dansen. Riekie verkoopt op creatieve beurzen zelfgemaakte poppenhuizen, poppenmeubeltjes en poppenkleertjes. Corrie is bestuurslid van de<br>bewonersactiviteitencommissie en vrijwilliger bij de Zonnebloem. Voeg daarbij twinkelende ogen, vrolijke stemmen en enthousiaste verhalen, en het is duidelijk dat deze vrouwen midden in het leven staan.<\/p>\n\n\n\n<div class=\"wp-block-columns is-layout-flex wp-container-core-columns-is-layout-28f84493 wp-block-columns-is-layout-flex\">\n<div class=\"wp-block-column is-layout-flow wp-block-column-is-layout-flow\">\n<div class=\"wp-block-group is-layout-constrained wp-block-group-is-layout-constrained\">\n<p>Niemand die deze beschrijving leest, zou denken dat de gemiddelde leeftijd van de drie 79 jaar is. Toch is het zo. En ondanks hun volle agenda\u2019s, zijn ze ook nog eens m\u00e9\u00e9r dan actief bij de Werkgroep Anders Ouder Worden (AOW) in Schollevaar. Samen met Mies Hellemons en Hugo B\u00f6hm vormen Riekie Kamps, Sija Admiraal en Corrie Hartmans het bestuur van de werkgroep. Ze mogen dan de AOW-leeftijd bereikt hebben, het woord geraniums komt niet in hun woordenboek voor.<\/p>\n\n\n\n<p><strong>Club zonder leden<\/strong><\/p>\n\n\n\n<p class=\"has-link-color has-normal-font-size wp-elements-60f9fa7a631b41e609d211d3ebe52917\" style=\"margin-top:0;margin-right:0;margin-bottom:var(--wp--preset--spacing--2-5);margin-left:0;padding-top:0;padding-right:0;padding-bottom:0;padding-left:0\">Twee keer per jaar stelt deze \u2018club zonder leden\u2019 een gevarieerd programma op, waar veel Schollevaarse 55-plussers enthousiast aan meedoen. Busreisjes, wandelingen, koersbal (een soort jeu de boules), filmmiddagen, etentjes, creatieve workshops\u2026 je kunt het zo gek niet bedenken. Riekie: \u2018Per keer betaal je een eigen bijdrage. Iedereen kan zich opgeven. Ook mensen van buiten Schollevaar, hoor.\u2019<\/p>\n<\/div>\n<\/div>\n\n\n\n<div class=\"wp-block-column is-layout-flow wp-block-column-is-layout-flow\"><figure class=\"wp-block-post-featured-image\"><img loading=\"lazy\" decoding=\"async\" width=\"638\" height=\"376\" src=\"https:\/\/capelle.ratiodesign.dev\/welzijn\/wp-content\/uploads\/sites\/9\/2023\/04\/Werkgroep-Anders-Ouder-Worden-3.jpg\" class=\"attachment-post-thumbnail size-post-thumbnail wp-post-image\" alt=\"\" style=\"object-fit:cover;\" srcset=\"https:\/\/capelle.ratiodesign.dev\/welzijn\/wp-content\/uploads\/sites\/9\/2023\/04\/Werkgroep-Anders-Ouder-Worden-3.jpg 638w, https:\/\/capelle.ratiodesign.dev\/welzijn\/wp-content\/uploads\/sites\/9\/2023\/04\/Werkgroep-Anders-Ouder-Worden-3-300x177.jpg 300w\" sizes=\"auto, (max-width: 638px) 100vw, 638px\" \/><\/figure>\n\n\n<p class=\"has-text-align-center has-blue-color has-text-color\"><em>Sija, Riekie en Corrie met de groep AOW en wethouder Ans Hartnagel<\/em><\/p>\n<\/div>\n<\/div>\n\n\n\n<p><strong>Pluim<\/strong><\/p>\n\n\n\n<p class=\"has-link-color has-normal-font-size wp-elements-c5c1d65b7becdc87ec30d89f7ba90d25\" style=\"margin-top:0;margin-right:0;margin-bottom:var(--wp--preset--spacing--2-5);margin-left:0;padding-top:0;padding-right:0;padding-bottom:0;padding-left:0\">De Werkgroep AOW probeert de eigen bijdrage voor de activiteiten zo betaalbaar mogelijk te houden. Jaarlijks vragen ze budget aan via MaakCapelle en het Wijkoverlegplatform (WOP). Corrie: \u2018De gemeente verdient trouwens echt een pluim. Tenslotte krijgen we het budget voor onze activiteiten dankzij hen!\u2019<\/p>\n\n\n\n<p><strong>Samen eten<\/strong><\/p>\n\n\n\n<p class=\"has-link-color has-normal-font-size wp-elements-328426fe9a6e169415c73841b51fa0a9\" style=\"margin-top:0;margin-right:0;margin-bottom:var(--wp--preset--spacing--2-5);margin-left:0;padding-top:0;padding-right:0;padding-bottom:0;padding-left:0\">De populairste uitjes van AOW, vertelt Corrie, zijn toch wel die waarbij samen gegeten wordt. Lachend: \u2018Of het nou een kroket is, een gebakje of een lunch! En op onze jaarafsluiting komen altijd veel mensen af.\u2019 Ook populair zijn de busreisjes. En de filmmiddagen, die bij Praktijkonderwijs Accent gehouden worden. Riekie: \u2018Het mes snijdt aan twee kanten: de leerlingen doen ervaring op met catering en gastvrijheid, wij genieten van hun lekkere hapjes en drankjes. En ze leren gelijk omgaan met ouderen.\u2019<\/p>\n\n\n\n<p><strong>Taakverdeling<\/strong><\/p>\n\n\n\n<p class=\"has-link-color has-normal-font-size wp-elements-d45d13664256f7c07042be875622e7db\" style=\"margin-top:0;margin-right:0;margin-bottom:var(--wp--preset--spacing--2-5);margin-left:0;padding-top:0;padding-right:0;padding-bottom:0;padding-left:0\">Het bestuur kiest de activiteiten gezamenlijk. De taken hebben ze verdeeld, afgestemd op ieders kwaliteiten. Mies doet de excursies; Hugo is de penningmeester; Sija regelt het koersballen en bespreekt de zalen bij het wijkcentrum; Riekie doet de wandelingen en bijeenkomsten. En \u2018computerfreak\u2019 Corrie regelt de correspondentie, persberichten en (samen met Sija) het activiteitenboekje. En de filmmiddagen.<\/p>\n\n\n\n<p><strong>Teambuilding<\/strong><br>De bestuursleden kennen elkaar al jaren, dus de sfeer in de Werkgroep AOW is uitstekend. Corrie: \u2018We vullen elkaar aan. Alle vijf zijn we d\u00fabbelgemotiveerd! Soms trekken we een beetje aan elkaar, zodat bij niemand de aandacht verslapt.\u2019 Riekie beaamt: \u2018We luisteren goed naar elkaar en iedereen helpt elkaar.\u2019 Hun bestuur is een echt team, vinden ze. \u2018We doen zelfs aan teambuilding: laatst zijn we bijvoorbeeld met de tram naar Scheveningen geweest. Lekker pierewaaien op de pier! Dan leer je elkaar toch weer anders kennen.\u2019<\/p>\n\n\n\n<p><strong>Doel<\/strong><\/p>\n\n\n\n<p class=\"has-link-color has-normal-font-size wp-elements-f769aac98945d5802dae8e4b5d9a047d\" style=\"margin-top:0;margin-right:0;margin-bottom:var(--wp--preset--spacing--2-5);margin-left:0;padding-top:0;padding-right:0;padding-bottom:0;padding-left:0\">Over het doel van de Werkgroep AOW is het drietal duidelijk: \u2018Senioren uit Capelle-Schollevaar uit huis krijgen en leuke dingen laten beleven\u2019. Corrie: \u2018Je leest regelmatig over eenzame ouderen. Onze activiteiten zijn bedoeld om mensen actief te krijgen en te zorgen dat ze meer contacten hebben. Hoewel mensen die echt ge\u00efsoleerd leven, erg lastig te bereiken zijn.\u2019 Dat veel Schollevaarse senioren al maanden tevoren vragen wanneer het nieuwe programmaboekje er weer is, zegt genoeg.<\/p>\n\n\n\n<p><strong>Eenzame jongeren<\/strong><\/p>\n\n\n\n<p class=\"has-link-color has-normal-font-size wp-elements-fe4b20c02226f249462782b5655c0084\" style=\"margin-top:0;margin-right:0;margin-bottom:var(--wp--preset--spacing--2-5);margin-left:0;padding-top:0;padding-right:0;padding-bottom:0;padding-left:0\">Corrie: \u2018Over eenzame ouderen is veel te horen, maar over eenzame jongeren weinig. Terwijl die er zeker ook zijn. En iets voor hen doen is n\u00f3g belangrijker dan voor ouderen. Pak het probleem in de kern aan! Als je jongeren nu betrekt, worden het nooit eenzame ouderen.\u2019 Ze is dan ook blij dat wethouder Marc Wilson zich daarmee bezighoudt.<\/p>\n\n\n\n<p><strong>Gezond ouder worden<\/strong><br>Het bestuurswerk kost de bestuursleden aardig wat vrije uurtjes. Maar ze krijgen er ook veel voor terug. Zoals Sija het verwoordt, \u2018Organiseren en dingen regelen houdt die grijze cellen actief.\u2019 Corrie vult aan: \u2018En het houdt je jong!\u2019 Riekie: \u2018Het geeft een goed gevoel als mensen je activiteiten leuk vinden.\u2019 H\u00e9t recept voor gezond en gelukkig ouder worden weten zij helaas ook niet. Maar Sija&#8217;s woorden komen daar toch aardig bij in de buurt: \u2018Zo lang mogelijk actief bezig blijven, ook met sporten. En belangstelling blijven tonen voor andere mensen, jong \u00e9n oud\u2019.<\/p>\n\n\n\n<p><em>De nieuwe activiteitenboekjes van de Werkgroep Anders Ouder Worden zijn twee keer per jaar te vinden in het wijkcentrum en wijkwinkel van Schollevaar. Opgeven om de boekjes digitaal te ontvangen kan via <a href=\"mailto:nca13_5@hotmail.com\" target=\"_blank\" rel=\"noreferrer noopener\">nca13_5@hotmail.com<\/a>.<\/em><\/p>\n<\/div>\n","protected":false},"excerpt":{"rendered":"<p>Corrie, Riekie en Sija hebben bomvolle agenda&#8217;s. Je zou het niet denken, maar hun gemiddelde leeftijd is 79.<\/p>\n","protected":false},"author":1,"featured_media":2406,"comment_status":"closed","ping_status":"open","sticky":false,"template":"","format":"standard","meta":{"footnotes":""},"categories":[56],"tags":[],"age":[34,33],"area":[],"theme":[43],"class_list":["post-2405","post","type-post","status-publish","format-standard","has-post-thumbnail","hentry","category-verhalen","age-senioren","age-volwassenen","theme-ontmoeten-doen"],"yoast_head":"<!-- This site is optimized with the Yoast SEO plugin v23.5 - https:\/\/yoast.com\/wordpress\/plugins\/seo\/ -->\n<title>Jongeren betrekken om eenzaamheid te voorkomen - Welzijn Capelle<\/title>\n<meta name=\"description\" content=\"Voor vrouwen in Capelle aan den IJssel die te maken hebben (gehad) met huiselijk geweld, heeft Welzijn Capelle de training \u2018Krachtige Vrouwen\u2019.\" \/>\n<meta name=\"robots\" content=\"index, follow, max-snippet:-1, max-image-preview:large, max-video-preview:-1\" \/>\n<link rel=\"canonical\" href=\"https:\/\/capelle.ratiodesign.dev\/welzijn\/nieuws\/jongeren-betrekken-om-eenzaamheid-te-voorkomen\/\" \/>\n<meta property=\"og:locale\" content=\"nl_NL\" \/>\n<meta property=\"og:type\" content=\"article\" \/>\n<meta property=\"og:title\" content=\"Jongeren betrekken om eenzaamheid te voorkomen - Welzijn Capelle\" \/>\n<meta property=\"og:description\" content=\"Voor vrouwen in Capelle aan den IJssel die te maken hebben (gehad) met huiselijk geweld, heeft Welzijn Capelle de training \u2018Krachtige Vrouwen\u2019.\" \/>\n<meta property=\"og:url\" content=\"https:\/\/capelle.ratiodesign.dev\/welzijn\/nieuws\/jongeren-betrekken-om-eenzaamheid-te-voorkomen\/\" \/>\n<meta property=\"og:site_name\" content=\"Welzijn Capelle\" \/>\n<meta property=\"article:published_time\" content=\"2021-04-05T14:24:00+00:00\" \/>\n<meta property=\"article:modified_time\" content=\"2023-04-05T15:11:23+00:00\" \/>\n<meta property=\"og:image\" content=\"https:\/\/capelle.ratiodesign.dev\/welzijn\/wp-content\/uploads\/sites\/9\/2023\/04\/Werkgroep-Anders-Ouder-Worden-3.jpg\" \/>\n\t<meta property=\"og:image:width\" content=\"638\" \/>\n\t<meta property=\"og:image:height\" content=\"376\" \/>\n\t<meta property=\"og:image:type\" content=\"image\/jpeg\" \/>\n<meta name=\"author\" content=\"admin\" \/>\n<meta name=\"twitter:card\" content=\"summary_large_image\" \/>\n<meta name=\"twitter:label1\" content=\"Geschreven door\" \/>\n\t<meta name=\"twitter:data1\" content=\"admin\" \/>\n\t<meta name=\"twitter:label2\" content=\"Geschatte leestijd\" \/>\n\t<meta name=\"twitter:data2\" content=\"4 minuten\" \/>\n<script type=\"application\/ld+json\" class=\"yoast-schema-graph\">{\"@context\":\"https:\/\/schema.org\",\"@graph\":[{\"@type\":\"Article\",\"@id\":\"https:\/\/capelle.ratiodesign.dev\/welzijn\/nieuws\/jongeren-betrekken-om-eenzaamheid-te-voorkomen\/#article\",\"isPartOf\":{\"@id\":\"https:\/\/capelle.ratiodesign.dev\/welzijn\/nieuws\/jongeren-betrekken-om-eenzaamheid-te-voorkomen\/\"},\"author\":{\"name\":\"admin\",\"@id\":\"https:\/\/capelle.ratiodesign.dev\/welzijn\/#\/schema\/person\/fb4ce06452f744ff6b772cb7720e69db\"},\"headline\":\"Jongeren betrekken om eenzaamheid te voorkomen\",\"datePublished\":\"2021-04-05T14:24:00+00:00\",\"dateModified\":\"2023-04-05T15:11:23+00:00\",\"mainEntityOfPage\":{\"@id\":\"https:\/\/capelle.ratiodesign.dev\/welzijn\/nieuws\/jongeren-betrekken-om-eenzaamheid-te-voorkomen\/\"},\"wordCount\":766,\"publisher\":{\"@id\":\"https:\/\/capelle.ratiodesign.dev\/welzijn\/#organization\"},\"image\":{\"@id\":\"https:\/\/capelle.ratiodesign.dev\/welzijn\/nieuws\/jongeren-betrekken-om-eenzaamheid-te-voorkomen\/#primaryimage\"},\"thumbnailUrl\":\"https:\/\/capelle.ratiodesign.dev\/welzijn\/wp-content\/uploads\/sites\/9\/2023\/04\/Werkgroep-Anders-Ouder-Worden-3.jpg\",\"articleSection\":[\"Verhalen\"],\"inLanguage\":\"nl-NL\"},{\"@type\":\"WebPage\",\"@id\":\"https:\/\/capelle.ratiodesign.dev\/welzijn\/nieuws\/jongeren-betrekken-om-eenzaamheid-te-voorkomen\/\",\"url\":\"https:\/\/capelle.ratiodesign.dev\/welzijn\/nieuws\/jongeren-betrekken-om-eenzaamheid-te-voorkomen\/\",\"name\":\"Jongeren betrekken om eenzaamheid te voorkomen - Welzijn Capelle\",\"isPartOf\":{\"@id\":\"https:\/\/capelle.ratiodesign.dev\/welzijn\/#website\"},\"primaryImageOfPage\":{\"@id\":\"https:\/\/capelle.ratiodesign.dev\/welzijn\/nieuws\/jongeren-betrekken-om-eenzaamheid-te-voorkomen\/#primaryimage\"},\"image\":{\"@id\":\"https:\/\/capelle.ratiodesign.dev\/welzijn\/nieuws\/jongeren-betrekken-om-eenzaamheid-te-voorkomen\/#primaryimage\"},\"thumbnailUrl\":\"https:\/\/capelle.ratiodesign.dev\/welzijn\/wp-content\/uploads\/sites\/9\/2023\/04\/Werkgroep-Anders-Ouder-Worden-3.jpg\",\"datePublished\":\"2021-04-05T14:24:00+00:00\",\"dateModified\":\"2023-04-05T15:11:23+00:00\",\"description\":\"Voor vrouwen in Capelle aan den IJssel die te maken hebben (gehad) met huiselijk geweld, heeft Welzijn Capelle de training \u2018Krachtige Vrouwen\u2019.\",\"breadcrumb\":{\"@id\":\"https:\/\/capelle.ratiodesign.dev\/welzijn\/nieuws\/jongeren-betrekken-om-eenzaamheid-te-voorkomen\/#breadcrumb\"},\"inLanguage\":\"nl-NL\",\"potentialAction\":[{\"@type\":\"ReadAction\",\"target\":[\"https:\/\/capelle.ratiodesign.dev\/welzijn\/nieuws\/jongeren-betrekken-om-eenzaamheid-te-voorkomen\/\"]}]},{\"@type\":\"ImageObject\",\"inLanguage\":\"nl-NL\",\"@id\":\"https:\/\/capelle.ratiodesign.dev\/welzijn\/nieuws\/jongeren-betrekken-om-eenzaamheid-te-voorkomen\/#primaryimage\",\"url\":\"https:\/\/capelle.ratiodesign.dev\/welzijn\/wp-content\/uploads\/sites\/9\/2023\/04\/Werkgroep-Anders-Ouder-Worden-3.jpg\",\"contentUrl\":\"https:\/\/capelle.ratiodesign.dev\/welzijn\/wp-content\/uploads\/sites\/9\/2023\/04\/Werkgroep-Anders-Ouder-Worden-3.jpg\",\"width\":638,\"height\":376},{\"@type\":\"BreadcrumbList\",\"@id\":\"https:\/\/capelle.ratiodesign.dev\/welzijn\/nieuws\/jongeren-betrekken-om-eenzaamheid-te-voorkomen\/#breadcrumb\",\"itemListElement\":[{\"@type\":\"ListItem\",\"position\":1,\"name\":\"Home\",\"item\":\"https:\/\/capelle.ratiodesign.dev\/welzijn\/\"},{\"@type\":\"ListItem\",\"position\":2,\"name\":\"Jongeren betrekken om eenzaamheid te voorkomen\"}]},{\"@type\":\"WebSite\",\"@id\":\"https:\/\/capelle.ratiodesign.dev\/welzijn\/#website\",\"url\":\"https:\/\/capelle.ratiodesign.dev\/welzijn\/\",\"name\":\"Welzijn Capelle\",\"description\":\"\",\"publisher\":{\"@id\":\"https:\/\/capelle.ratiodesign.dev\/welzijn\/#organization\"},\"potentialAction\":[{\"@type\":\"SearchAction\",\"target\":{\"@type\":\"EntryPoint\",\"urlTemplate\":\"https:\/\/capelle.ratiodesign.dev\/welzijn\/?s={search_term_string}\"},\"query-input\":{\"@type\":\"PropertyValueSpecification\",\"valueRequired\":true,\"valueName\":\"search_term_string\"}}],\"inLanguage\":\"nl-NL\"},{\"@type\":\"Organization\",\"@id\":\"https:\/\/capelle.ratiodesign.dev\/welzijn\/#organization\",\"name\":\"Welzijn Capelle\",\"url\":\"https:\/\/capelle.ratiodesign.dev\/welzijn\/\",\"logo\":{\"@type\":\"ImageObject\",\"inLanguage\":\"nl-NL\",\"@id\":\"https:\/\/capelle.ratiodesign.dev\/welzijn\/#\/schema\/logo\/image\/\",\"url\":\"https:\/\/capelle.ratiodesign.dev\/welzijn\/wp-content\/uploads\/sites\/9\/2022\/12\/logo.svg\",\"contentUrl\":\"https:\/\/capelle.ratiodesign.dev\/welzijn\/wp-content\/uploads\/sites\/9\/2022\/12\/logo.svg\",\"width\":1,\"height\":1,\"caption\":\"Welzijn Capelle\"},\"image\":{\"@id\":\"https:\/\/capelle.ratiodesign.dev\/welzijn\/#\/schema\/logo\/image\/\"}},{\"@type\":\"Person\",\"@id\":\"https:\/\/capelle.ratiodesign.dev\/welzijn\/#\/schema\/person\/fb4ce06452f744ff6b772cb7720e69db\",\"name\":\"admin\",\"image\":{\"@type\":\"ImageObject\",\"inLanguage\":\"nl-NL\",\"@id\":\"https:\/\/capelle.ratiodesign.dev\/welzijn\/#\/schema\/person\/image\/\",\"url\":\"https:\/\/secure.gravatar.com\/avatar\/11bf15cdc3f62ea656bbe95063e2c55fd83c3f9c373f93bbd5692994da015c2b?s=96&d=mm&r=g\",\"contentUrl\":\"https:\/\/secure.gravatar.com\/avatar\/11bf15cdc3f62ea656bbe95063e2c55fd83c3f9c373f93bbd5692994da015c2b?s=96&d=mm&r=g\",\"caption\":\"admin\"},\"url\":\"https:\/\/capelle.ratiodesign.dev\/welzijn\/nieuws\/author\/admin\/\"}]}<\/script>\n<!-- \/ Yoast SEO plugin. -->","yoast_head_json":{"title":"Jongeren betrekken om eenzaamheid te voorkomen - Welzijn Capelle","description":"Voor vrouwen in Capelle aan den IJssel die te maken hebben (gehad) met huiselijk geweld, heeft Welzijn Capelle de training \u2018Krachtige Vrouwen\u2019.","robots":{"index":"index","follow":"follow","max-snippet":"max-snippet:-1","max-image-preview":"max-image-preview:large","max-video-preview":"max-video-preview:-1"},"canonical":"https:\/\/capelle.ratiodesign.dev\/welzijn\/nieuws\/jongeren-betrekken-om-eenzaamheid-te-voorkomen\/","og_locale":"nl_NL","og_type":"article","og_title":"Jongeren betrekken om eenzaamheid te voorkomen - Welzijn Capelle","og_description":"Voor vrouwen in Capelle aan den IJssel die te maken hebben (gehad) met huiselijk geweld, heeft Welzijn Capelle de training \u2018Krachtige Vrouwen\u2019.","og_url":"https:\/\/capelle.ratiodesign.dev\/welzijn\/nieuws\/jongeren-betrekken-om-eenzaamheid-te-voorkomen\/","og_site_name":"Welzijn Capelle","article_published_time":"2021-04-05T14:24:00+00:00","article_modified_time":"2023-04-05T15:11:23+00:00","og_image":[{"width":638,"height":376,"url":"https:\/\/capelle.ratiodesign.dev\/welzijn\/wp-content\/uploads\/sites\/9\/2023\/04\/Werkgroep-Anders-Ouder-Worden-3.jpg","type":"image\/jpeg"}],"author":"admin","twitter_card":"summary_large_image","twitter_misc":{"Geschreven door":"admin","Geschatte leestijd":"4 minuten"},"schema":{"@context":"https:\/\/schema.org","@graph":[{"@type":"Article","@id":"https:\/\/capelle.ratiodesign.dev\/welzijn\/nieuws\/jongeren-betrekken-om-eenzaamheid-te-voorkomen\/#article","isPartOf":{"@id":"https:\/\/capelle.ratiodesign.dev\/welzijn\/nieuws\/jongeren-betrekken-om-eenzaamheid-te-voorkomen\/"},"author":{"name":"admin","@id":"https:\/\/capelle.ratiodesign.dev\/welzijn\/#\/schema\/person\/fb4ce06452f744ff6b772cb7720e69db"},"headline":"Jongeren betrekken om eenzaamheid te voorkomen","datePublished":"2021-04-05T14:24:00+00:00","dateModified":"2023-04-05T15:11:23+00:00","mainEntityOfPage":{"@id":"https:\/\/capelle.ratiodesign.dev\/welzijn\/nieuws\/jongeren-betrekken-om-eenzaamheid-te-voorkomen\/"},"wordCount":766,"publisher":{"@id":"https:\/\/capelle.ratiodesign.dev\/welzijn\/#organization"},"image":{"@id":"https:\/\/capelle.ratiodesign.dev\/welzijn\/nieuws\/jongeren-betrekken-om-eenzaamheid-te-voorkomen\/#primaryimage"},"thumbnailUrl":"https:\/\/capelle.ratiodesign.dev\/welzijn\/wp-content\/uploads\/sites\/9\/2023\/04\/Werkgroep-Anders-Ouder-Worden-3.jpg","articleSection":["Verhalen"],"inLanguage":"nl-NL"},{"@type":"WebPage","@id":"https:\/\/capelle.ratiodesign.dev\/welzijn\/nieuws\/jongeren-betrekken-om-eenzaamheid-te-voorkomen\/","url":"https:\/\/capelle.ratiodesign.dev\/welzijn\/nieuws\/jongeren-betrekken-om-eenzaamheid-te-voorkomen\/","name":"Jongeren betrekken om eenzaamheid te voorkomen - Welzijn Capelle","isPartOf":{"@id":"https:\/\/capelle.ratiodesign.dev\/welzijn\/#website"},"primaryImageOfPage":{"@id":"https:\/\/capelle.ratiodesign.dev\/welzijn\/nieuws\/jongeren-betrekken-om-eenzaamheid-te-voorkomen\/#primaryimage"},"image":{"@id":"https:\/\/capelle.ratiodesign.dev\/welzijn\/nieuws\/jongeren-betrekken-om-eenzaamheid-te-voorkomen\/#primaryimage"},"thumbnailUrl":"https:\/\/capelle.ratiodesign.dev\/welzijn\/wp-content\/uploads\/sites\/9\/2023\/04\/Werkgroep-Anders-Ouder-Worden-3.jpg","datePublished":"2021-04-05T14:24:00+00:00","dateModified":"2023-04-05T15:11:23+00:00","description":"Voor vrouwen in Capelle aan den IJssel die te maken hebben (gehad) met huiselijk geweld, heeft Welzijn Capelle de training \u2018Krachtige Vrouwen\u2019.","breadcrumb":{"@id":"https:\/\/capelle.ratiodesign.dev\/welzijn\/nieuws\/jongeren-betrekken-om-eenzaamheid-te-voorkomen\/#breadcrumb"},"inLanguage":"nl-NL","potentialAction":[{"@type":"ReadAction","target":["https:\/\/capelle.ratiodesign.dev\/welzijn\/nieuws\/jongeren-betrekken-om-eenzaamheid-te-voorkomen\/"]}]},{"@type":"ImageObject","inLanguage":"nl-NL","@id":"https:\/\/capelle.ratiodesign.dev\/welzijn\/nieuws\/jongeren-betrekken-om-eenzaamheid-te-voorkomen\/#primaryimage","url":"https:\/\/capelle.ratiodesign.dev\/welzijn\/wp-content\/uploads\/sites\/9\/2023\/04\/Werkgroep-Anders-Ouder-Worden-3.jpg","contentUrl":"https:\/\/capelle.ratiodesign.dev\/welzijn\/wp-content\/uploads\/sites\/9\/2023\/04\/Werkgroep-Anders-Ouder-Worden-3.jpg","width":638,"height":376},{"@type":"BreadcrumbList","@id":"https:\/\/capelle.ratiodesign.dev\/welzijn\/nieuws\/jongeren-betrekken-om-eenzaamheid-te-voorkomen\/#breadcrumb","itemListElement":[{"@type":"ListItem","position":1,"name":"Home","item":"https:\/\/capelle.ratiodesign.dev\/welzijn\/"},{"@type":"ListItem","position":2,"name":"Jongeren betrekken om eenzaamheid te voorkomen"}]},{"@type":"WebSite","@id":"https:\/\/capelle.ratiodesign.dev\/welzijn\/#website","url":"https:\/\/capelle.ratiodesign.dev\/welzijn\/","name":"Welzijn Capelle","description":"","publisher":{"@id":"https:\/\/capelle.ratiodesign.dev\/welzijn\/#organization"},"potentialAction":[{"@type":"SearchAction","target":{"@type":"EntryPoint","urlTemplate":"https:\/\/capelle.ratiodesign.dev\/welzijn\/?s={search_term_string}"},"query-input":{"@type":"PropertyValueSpecification","valueRequired":true,"valueName":"search_term_string"}}],"inLanguage":"nl-NL"},{"@type":"Organization","@id":"https:\/\/capelle.ratiodesign.dev\/welzijn\/#organization","name":"Welzijn Capelle","url":"https:\/\/capelle.ratiodesign.dev\/welzijn\/","logo":{"@type":"ImageObject","inLanguage":"nl-NL","@id":"https:\/\/capelle.ratiodesign.dev\/welzijn\/#\/schema\/logo\/image\/","url":"https:\/\/capelle.ratiodesign.dev\/welzijn\/wp-content\/uploads\/sites\/9\/2022\/12\/logo.svg","contentUrl":"https:\/\/capelle.ratiodesign.dev\/welzijn\/wp-content\/uploads\/sites\/9\/2022\/12\/logo.svg","width":1,"height":1,"caption":"Welzijn Capelle"},"image":{"@id":"https:\/\/capelle.ratiodesign.dev\/welzijn\/#\/schema\/logo\/image\/"}},{"@type":"Person","@id":"https:\/\/capelle.ratiodesign.dev\/welzijn\/#\/schema\/person\/fb4ce06452f744ff6b772cb7720e69db","name":"admin","image":{"@type":"ImageObject","inLanguage":"nl-NL","@id":"https:\/\/capelle.ratiodesign.dev\/welzijn\/#\/schema\/person\/image\/","url":"https:\/\/secure.gravatar.com\/avatar\/11bf15cdc3f62ea656bbe95063e2c55fd83c3f9c373f93bbd5692994da015c2b?s=96&d=mm&r=g","contentUrl":"https:\/\/secure.gravatar.com\/avatar\/11bf15cdc3f62ea656bbe95063e2c55fd83c3f9c373f93bbd5692994da015c2b?s=96&d=mm&r=g","caption":"admin"},"url":"https:\/\/capelle.ratiodesign.dev\/welzijn\/nieuws\/author\/admin\/"}]}},"_links":{"self":[{"href":"https:\/\/capelle.ratiodesign.dev\/welzijn\/wp-json\/wp\/v2\/posts\/2405","targetHints":{"allow":["GET"]}}],"collection":[{"href":"https:\/\/capelle.ratiodesign.dev\/welzijn\/wp-json\/wp\/v2\/posts"}],"about":[{"href":"https:\/\/capelle.ratiodesign.dev\/welzijn\/wp-json\/wp\/v2\/types\/post"}],"author":[{"embeddable":true,"href":"https:\/\/capelle.ratiodesign.dev\/welzijn\/wp-json\/wp\/v2\/users\/1"}],"replies":[{"embeddable":true,"href":"https:\/\/capelle.ratiodesign.dev\/welzijn\/wp-json\/wp\/v2\/comments?post=2405"}],"version-history":[{"count":1,"href":"https:\/\/capelle.ratiodesign.dev\/welzijn\/wp-json\/wp\/v2\/posts\/2405\/revisions"}],"predecessor-version":[{"id":2408,"href":"https:\/\/capelle.ratiodesign.dev\/welzijn\/wp-json\/wp\/v2\/posts\/2405\/revisions\/2408"}],"wp:featuredmedia":[{"embeddable":true,"href":"https:\/\/capelle.ratiodesign.dev\/welzijn\/wp-json\/wp\/v2\/media\/2406"}],"wp:attachment":[{"href":"https:\/\/capelle.ratiodesign.dev\/welzijn\/wp-json\/wp\/v2\/media?parent=2405"}],"wp:term":[{"taxonomy":"category","embeddable":true,"href":"https:\/\/capelle.ratiodesign.dev\/welzijn\/wp-json\/wp\/v2\/categories?post=2405"},{"taxonomy":"post_tag","embeddable":true,"href":"https:\/\/capelle.ratiodesign.dev\/welzijn\/wp-json\/wp\/v2\/tags?post=2405"},{"taxonomy":"age","embeddable":true,"href":"https:\/\/capelle.ratiodesign.dev\/welzijn\/wp-json\/wp\/v2\/age?post=2405"},{"taxonomy":"area","embeddable":true,"href":"https:\/\/capelle.ratiodesign.dev\/welzijn\/wp-json\/wp\/v2\/area?post=2405"},{"taxonomy":"theme","embeddable":true,"href":"https:\/\/capelle.ratiodesign.dev\/welzijn\/wp-json\/wp\/v2\/theme?post=2405"}],"curies":[{"name":"wp","href":"https:\/\/api.w.org\/{rel}","templated":true}]}}