{"id":2392,"date":"2023-04-05T13:51:49","date_gmt":"2023-04-05T13:51:49","guid":{"rendered":"https:\/\/capelle.ratiodesign.dev\/welzijn\/?p=2392"},"modified":"2023-04-05T13:53:25","modified_gmt":"2023-04-05T13:53:25","slug":"ik-wil-doorgeven-wat-ik-heb-geleerd","status":"publish","type":"post","link":"https:\/\/capelle.ratiodesign.dev\/welzijn\/nieuws\/ik-wil-doorgeven-wat-ik-heb-geleerd\/","title":{"rendered":"Ik wil doorgeven wat ik heb geleerd"},"content":{"rendered":"\n<div class=\"wp-block-group is-layout-constrained wp-block-group-is-layout-constrained\" style=\"padding-top:var(--wp--preset--spacing--5);padding-bottom:var(--wp--preset--spacing--5)\">\n<h1 class=\"wp-block-heading\">&#8216;Ik wil doorgeven wat ik heb geleerd&#8217;<\/h1>\n\n\n\n<p class=\"has-blue-color has-text-color has-medium-font-size\">Vi\u00ebnsel Samboe (21) lijkt een geluksvogel. Hij heeft een fijne woonruimte (die hij deelt met een aardige huisgenoot), een lieve vriendin, en begint binnenkort met een opleiding. En dan gaat hij binnenkort \u00f3\u00f3k nog aan de bak als deejay bij FunX radio. Maar tot nu toe is zijn leven niet makkelijk geweest.<\/p>\n\n\n\n<div class=\"wp-block-columns is-layout-flex wp-container-core-columns-is-layout-28f84493 wp-block-columns-is-layout-flex\">\n<div class=\"wp-block-column is-layout-flow wp-block-column-is-layout-flow\">\n<div class=\"wp-block-group is-layout-constrained wp-block-group-is-layout-constrained\">\n<p>De moeilijkheden hadden vaak te maken met zijn chronische ziekte: \u2018Sikkelcel is het meest dominerende ding in mijn leven. Het kan wat ik aan het doen ben, ter plekke stopzetten. Het heeft impact op alles.\u2019<\/p>\n\n\n\n<p><strong>Rode bloedcellen<\/strong><br>Sikkelcelziekte is een soort erfelijke bloedarmoede. Rode bloedcellen zijn normaal rond, maar worden bij sikkelcelziekte halvemaanvormig. Daardoor glijden ze niet zo gemakkelijk door de bloedvaten. Ze kunnen bloedvaten verstoppen, waardoor het weefsel of orgaan niet genoeg zuurstof krijgt. Zo&#8217;n sikkelcelcrisis geeft vaak koorts en hevige pijn. Door het zuurstoftekort kunnen weefsels of organen beschadigd raken.<\/p>\n\n\n\n<p><strong>Negeren<\/strong><br>Vi\u00ebnsel: \u2018Toen ik een jaar was, werd ik opeens heel ziek. Niemand wist wat het was, tot een verpleegster op het idee kwam een test voor sikkelcel te doen.\u2019 Vi\u00ebnsels ouders bleken allebei drager, wat betekende dat hun zoon de ziekte had. Als kind en puber verzette hij zich ertegen, wilde hij zijn sikkelcelziekte het liefst negeren. Met soms levensgevaarlijke gevolgen. Zo kreeg hij rond zijn zeventiende longembolie, een bloedprop in zijn longen, en moest hij een halfjaar bloedverdunners slikken.<\/p>\n<\/div>\n<\/div>\n\n\n\n<div class=\"wp-block-column is-layout-flow wp-block-column-is-layout-flow\"><figure class=\"wp-block-post-featured-image\"><img loading=\"lazy\" decoding=\"async\" width=\"400\" height=\"259\" src=\"https:\/\/capelle.ratiodesign.dev\/welzijn\/wp-content\/uploads\/sites\/9\/2023\/04\/Viensel_Nipsey_Hussle_photo_Adam_Bielawski.jpg\" class=\"attachment-post-thumbnail size-post-thumbnail wp-post-image\" alt=\"\" style=\"object-fit:cover;\" srcset=\"https:\/\/capelle.ratiodesign.dev\/welzijn\/wp-content\/uploads\/sites\/9\/2023\/04\/Viensel_Nipsey_Hussle_photo_Adam_Bielawski.jpg 400w, https:\/\/capelle.ratiodesign.dev\/welzijn\/wp-content\/uploads\/sites\/9\/2023\/04\/Viensel_Nipsey_Hussle_photo_Adam_Bielawski-300x194.jpg 300w\" sizes=\"auto, (max-width: 400px) 100vw, 400px\" \/><\/figure><\/div>\n<\/div>\n\n\n\n<p class=\"has-link-color has-normal-font-size wp-elements-8b428f2978b765d7195214468fdf0d34\" style=\"margin-top:0;margin-right:0;margin-bottom:var(--wp--preset--spacing--2-5);margin-left:0;padding-top:0;padding-right:0;padding-bottom:0;padding-left:0\"><br><strong><strong>Depressief<\/strong><\/strong><br>Ook op school had Vi\u00ebnsel het niet makkelijk. Op de basisschool werd hij regelmatig buitengesloten en gepest, maar vanaf de middelbare school begonnen de pesterijen extreme vormen aan te nemen. Zo erg dat hij depressief werd en begon te twijfelen aan de zin van zijn leven. Door zich te verdiepen in muziek, film en gamen, en met steun van de paar vrienden die hij had, probeerde Vi\u00ebnsel alle negatieve gebeurtenissen zoveel mogelijk buiten te houden.<\/p>\n\n\n\n<p><strong>Luisteren<\/strong><br>Maar met zulk extreem pestgedrag is dat onmogelijk. En de hulp die hij kreeg, hielp niet. \u2018Ik kreeg een training woedebeheersing. Dan zou ik het pesten wel leren negeren. Maar pesters willen juist niet genegeerd worden. Dus wat gebeurde er? Het werd nog erger.\u2019 Vi\u00ebnsel heeft maar \u00e9\u00e9n advies aan leerkrachten en andere professionals: l\u00faister naar kinderen die gepest worden. \u2018Kinderen die gepest worden, kunnen vaak niet delen wat ze doormaken. Ze voelen zich dus heel eenzaam. Soms gebeurt daardoor het ergste en is iemand er opeens niet meer.\u2019<\/p>\n\n\n\n<p><strong>Zonder diploma<\/strong><br>In 2018, zijn eindexamenjaar op het Grafisch Lyceum, kreeg hij een sikkelcelcrisis en kon zijn stage niet afmaken. Rekening gehouden met zijn ziekte werd er niet, al was hij een goede leerling: hij moest van school. Zonder diploma. Hij kwam in contact met de Jonge Krijger, een organisatie die jongeren zonder kwalificaties helpt een opleiding of werk te vinden. \u2018Robin van Dalen van de Jonge Krijger heeft me echt goed geholpen. Door haar ging ik naar de vavo en kwam ik in contact met Welzijn Capelle. En met jeugdzorgorganisatie Youz, die me hielpen een uitkering aan te vragen. En het Leger des Heils: dankzij hen vond ik mijn kamer.\u2019<\/p>\n\n\n\n<p><strong>Talenten<\/strong><br>Vi\u00ebnsels eerste contact met het jongerenwerk van Welzijn Capelle verliep moeizaam. Bijna gaf hij de moed op. Maar er was een klik tussen hem en jongerencoach Remco Moet. \u2018Remco zei: \u201cAls ik werk met jou, dan wil ik je ook echt helpen\u201d. Ik heb veel aan hem te danken. Hij wil dat ik mijn talenten gebruik. Tijdens ons eerste gesprek zei hij al, \u201cPraten is \u00e9\u00e9n van jouw talenten. Deel je story!\u201d Ik zie hem niet meer als begeleider, maar als vriend.\u2019<\/p>\n\n\n\n<p><strong>Zelf verantwoordelijk<\/strong><br>Remco Moet, jongerencoach bij Welzijn Capelle: \u2018In anderhalf jaar tijd heeft Vi\u00ebnsel, met de hulp die hij kreeg, gezorgd voor financi\u00ebn, huisvesting, en een opleiding waar hij in september kan starten. Hij is intelligent en sterk. En vooral: z\u00e9lf verantwoordelijk voor de enorme groei die hij heeft doorgemaakt! Ik ben echt heel trots op deze jongen. Hij is nog lang niet waar hij zijn wil, maar tussen de pijn en struggles door zijn er gelukkig al meer momenten dat hij licht aan het eind van de tunnel ziet.\u2019<\/p>\n\n\n\n<p><strong>FunX<\/strong><br>In september start niet alleen zijn opleiding als audio-visueel specialist, maar ook zijn nieuwe baan als radio-deejay bij FunX. Zijn vriendin tipte hem dat FunX mensen zocht. \u2018Ze zei, \u201dDit past bij jou! Je hebt een goede stem en je hebt meningen\u201d. Vi\u00ebnsel stuurde een demo in, maar hoorde maanden niets. \u2018Ik dacht, \u201cDat gaat \u2018m nooit worden!\u201d Ik heb geen ervaring en alleen m\u2019n middelbare school afgemaakt.\u2019 Maar er viel een uitnodiging voor een gesprek op de mat. En hij kreeg de baan.<\/p>\n\n\n\n<p><strong>Toekomst<\/strong><br>Vi\u00ebnsel vindt nog niet dat het goed met hem gaat. Wel b\u00e9ter. \u2018Ik ben blijer en actiever dan ik de afgelopen twee jaar ben geweest. M\u2019n toekomst ziet er goed uit. Ik ga genieten van mijn nieuwe baan en opleiding, mijn naam in de wereld zetten. En verder? Ja, de gewone dingen. Het gaat goed tussen mij een m\u2019n vriendin, dus wie weet over een tijdje samenwonen, kinderen\u2026.\u2019<\/p>\n\n\n\n<p><strong>Ervaringen doorgeven<\/strong><br>Hij ziet zichzelf wel werken in de mediawereld. \u2018Film, muziek, praten \u2013 daar liggen m\u2019n passies.\u2019 Vi\u00ebnsel wil wat hij heeft meegemaakt gebruiken om een voorlichtingsfilm te maken voor professionals. Zodat die beter weten hoe ze moeten omgaan met kinderen en jongeren die gepest worden. \u2018Als ik alles wat ik heb geleerd kan doorgeven en het leven van anderen wordt daardoor beter, dan heb ik mijn doel bereikt. Al help ik maar \u00e9\u00e9n persoon.\u2019<\/p>\n\n\n\n<p><em>Wil je praten met een jongerencoach? <a href=\"https:\/\/www.welzijncapelle.nl\/ontmoeten-doen\/jongeren\/\">Neem contact op met ons!<\/a><\/em><\/p>\n<\/div>\n","protected":false},"excerpt":{"rendered":"<p>Vi\u00ebnsel Samboe (21) lijkt een geluksvogel, maar zijn leven is niet makkelijk geweest.<\/p>\n","protected":false},"author":1,"featured_media":2393,"comment_status":"closed","ping_status":"open","sticky":false,"template":"","format":"standard","meta":{"footnotes":""},"categories":[56],"tags":[],"age":[32],"area":[],"theme":[41],"class_list":["post-2392","post","type-post","status-publish","format-standard","has-post-thumbnail","hentry","category-verhalen","age-jongeren","theme-ondersteuning-advies"],"yoast_head":"<!-- This site is optimized with the Yoast SEO plugin v23.5 - https:\/\/yoast.com\/wordpress\/plugins\/seo\/ -->\n<title>Ik wil doorgeven wat ik heb geleerd - Welzijn Capelle<\/title>\n<meta name=\"description\" content=\"Voor vrouwen in Capelle aan den IJssel die te maken hebben (gehad) met huiselijk geweld, heeft Welzijn Capelle de training \u2018Krachtige Vrouwen\u2019.\" \/>\n<meta name=\"robots\" content=\"index, follow, max-snippet:-1, max-image-preview:large, max-video-preview:-1\" \/>\n<link rel=\"canonical\" href=\"https:\/\/capelle.ratiodesign.dev\/welzijn\/nieuws\/ik-wil-doorgeven-wat-ik-heb-geleerd\/\" \/>\n<meta property=\"og:locale\" content=\"nl_NL\" \/>\n<meta property=\"og:type\" content=\"article\" \/>\n<meta property=\"og:title\" content=\"Ik wil doorgeven wat ik heb geleerd - Welzijn Capelle\" \/>\n<meta property=\"og:description\" content=\"Voor vrouwen in Capelle aan den IJssel die te maken hebben (gehad) met huiselijk geweld, heeft Welzijn Capelle de training \u2018Krachtige Vrouwen\u2019.\" \/>\n<meta property=\"og:url\" content=\"https:\/\/capelle.ratiodesign.dev\/welzijn\/nieuws\/ik-wil-doorgeven-wat-ik-heb-geleerd\/\" \/>\n<meta property=\"og:site_name\" content=\"Welzijn Capelle\" \/>\n<meta property=\"article:published_time\" content=\"2023-04-05T13:51:49+00:00\" \/>\n<meta property=\"article:modified_time\" content=\"2023-04-05T13:53:25+00:00\" \/>\n<meta property=\"og:image\" content=\"https:\/\/capelle.ratiodesign.dev\/welzijn\/wp-content\/uploads\/sites\/9\/2023\/04\/Viensel_Nipsey_Hussle_photo_Adam_Bielawski.jpg\" \/>\n\t<meta property=\"og:image:width\" content=\"400\" \/>\n\t<meta property=\"og:image:height\" content=\"259\" \/>\n\t<meta property=\"og:image:type\" content=\"image\/jpeg\" \/>\n<meta name=\"author\" content=\"admin\" \/>\n<meta name=\"twitter:card\" content=\"summary_large_image\" \/>\n<meta name=\"twitter:label1\" content=\"Geschreven door\" \/>\n\t<meta name=\"twitter:data1\" content=\"admin\" \/>\n\t<meta name=\"twitter:label2\" content=\"Geschatte leestijd\" \/>\n\t<meta name=\"twitter:data2\" content=\"5 minuten\" \/>\n<script type=\"application\/ld+json\" class=\"yoast-schema-graph\">{\"@context\":\"https:\/\/schema.org\",\"@graph\":[{\"@type\":\"Article\",\"@id\":\"https:\/\/capelle.ratiodesign.dev\/welzijn\/nieuws\/ik-wil-doorgeven-wat-ik-heb-geleerd\/#article\",\"isPartOf\":{\"@id\":\"https:\/\/capelle.ratiodesign.dev\/welzijn\/nieuws\/ik-wil-doorgeven-wat-ik-heb-geleerd\/\"},\"author\":{\"name\":\"admin\",\"@id\":\"https:\/\/capelle.ratiodesign.dev\/welzijn\/#\/schema\/person\/fb4ce06452f744ff6b772cb7720e69db\"},\"headline\":\"Ik wil doorgeven wat ik heb geleerd\",\"datePublished\":\"2023-04-05T13:51:49+00:00\",\"dateModified\":\"2023-04-05T13:53:25+00:00\",\"mainEntityOfPage\":{\"@id\":\"https:\/\/capelle.ratiodesign.dev\/welzijn\/nieuws\/ik-wil-doorgeven-wat-ik-heb-geleerd\/\"},\"wordCount\":947,\"publisher\":{\"@id\":\"https:\/\/capelle.ratiodesign.dev\/welzijn\/#organization\"},\"image\":{\"@id\":\"https:\/\/capelle.ratiodesign.dev\/welzijn\/nieuws\/ik-wil-doorgeven-wat-ik-heb-geleerd\/#primaryimage\"},\"thumbnailUrl\":\"https:\/\/capelle.ratiodesign.dev\/welzijn\/wp-content\/uploads\/sites\/9\/2023\/04\/Viensel_Nipsey_Hussle_photo_Adam_Bielawski.jpg\",\"articleSection\":[\"Verhalen\"],\"inLanguage\":\"nl-NL\"},{\"@type\":\"WebPage\",\"@id\":\"https:\/\/capelle.ratiodesign.dev\/welzijn\/nieuws\/ik-wil-doorgeven-wat-ik-heb-geleerd\/\",\"url\":\"https:\/\/capelle.ratiodesign.dev\/welzijn\/nieuws\/ik-wil-doorgeven-wat-ik-heb-geleerd\/\",\"name\":\"Ik wil doorgeven wat ik heb geleerd - Welzijn Capelle\",\"isPartOf\":{\"@id\":\"https:\/\/capelle.ratiodesign.dev\/welzijn\/#website\"},\"primaryImageOfPage\":{\"@id\":\"https:\/\/capelle.ratiodesign.dev\/welzijn\/nieuws\/ik-wil-doorgeven-wat-ik-heb-geleerd\/#primaryimage\"},\"image\":{\"@id\":\"https:\/\/capelle.ratiodesign.dev\/welzijn\/nieuws\/ik-wil-doorgeven-wat-ik-heb-geleerd\/#primaryimage\"},\"thumbnailUrl\":\"https:\/\/capelle.ratiodesign.dev\/welzijn\/wp-content\/uploads\/sites\/9\/2023\/04\/Viensel_Nipsey_Hussle_photo_Adam_Bielawski.jpg\",\"datePublished\":\"2023-04-05T13:51:49+00:00\",\"dateModified\":\"2023-04-05T13:53:25+00:00\",\"description\":\"Voor vrouwen in Capelle aan den IJssel die te maken hebben (gehad) met huiselijk geweld, heeft Welzijn Capelle de training \u2018Krachtige Vrouwen\u2019.\",\"breadcrumb\":{\"@id\":\"https:\/\/capelle.ratiodesign.dev\/welzijn\/nieuws\/ik-wil-doorgeven-wat-ik-heb-geleerd\/#breadcrumb\"},\"inLanguage\":\"nl-NL\",\"potentialAction\":[{\"@type\":\"ReadAction\",\"target\":[\"https:\/\/capelle.ratiodesign.dev\/welzijn\/nieuws\/ik-wil-doorgeven-wat-ik-heb-geleerd\/\"]}]},{\"@type\":\"ImageObject\",\"inLanguage\":\"nl-NL\",\"@id\":\"https:\/\/capelle.ratiodesign.dev\/welzijn\/nieuws\/ik-wil-doorgeven-wat-ik-heb-geleerd\/#primaryimage\",\"url\":\"https:\/\/capelle.ratiodesign.dev\/welzijn\/wp-content\/uploads\/sites\/9\/2023\/04\/Viensel_Nipsey_Hussle_photo_Adam_Bielawski.jpg\",\"contentUrl\":\"https:\/\/capelle.ratiodesign.dev\/welzijn\/wp-content\/uploads\/sites\/9\/2023\/04\/Viensel_Nipsey_Hussle_photo_Adam_Bielawski.jpg\",\"width\":400,\"height\":259},{\"@type\":\"BreadcrumbList\",\"@id\":\"https:\/\/capelle.ratiodesign.dev\/welzijn\/nieuws\/ik-wil-doorgeven-wat-ik-heb-geleerd\/#breadcrumb\",\"itemListElement\":[{\"@type\":\"ListItem\",\"position\":1,\"name\":\"Home\",\"item\":\"https:\/\/capelle.ratiodesign.dev\/welzijn\/\"},{\"@type\":\"ListItem\",\"position\":2,\"name\":\"Ik wil doorgeven wat ik heb geleerd\"}]},{\"@type\":\"WebSite\",\"@id\":\"https:\/\/capelle.ratiodesign.dev\/welzijn\/#website\",\"url\":\"https:\/\/capelle.ratiodesign.dev\/welzijn\/\",\"name\":\"Welzijn Capelle\",\"description\":\"\",\"publisher\":{\"@id\":\"https:\/\/capelle.ratiodesign.dev\/welzijn\/#organization\"},\"potentialAction\":[{\"@type\":\"SearchAction\",\"target\":{\"@type\":\"EntryPoint\",\"urlTemplate\":\"https:\/\/capelle.ratiodesign.dev\/welzijn\/?s={search_term_string}\"},\"query-input\":{\"@type\":\"PropertyValueSpecification\",\"valueRequired\":true,\"valueName\":\"search_term_string\"}}],\"inLanguage\":\"nl-NL\"},{\"@type\":\"Organization\",\"@id\":\"https:\/\/capelle.ratiodesign.dev\/welzijn\/#organization\",\"name\":\"Welzijn Capelle\",\"url\":\"https:\/\/capelle.ratiodesign.dev\/welzijn\/\",\"logo\":{\"@type\":\"ImageObject\",\"inLanguage\":\"nl-NL\",\"@id\":\"https:\/\/capelle.ratiodesign.dev\/welzijn\/#\/schema\/logo\/image\/\",\"url\":\"https:\/\/capelle.ratiodesign.dev\/welzijn\/wp-content\/uploads\/sites\/9\/2022\/12\/logo.svg\",\"contentUrl\":\"https:\/\/capelle.ratiodesign.dev\/welzijn\/wp-content\/uploads\/sites\/9\/2022\/12\/logo.svg\",\"width\":1,\"height\":1,\"caption\":\"Welzijn Capelle\"},\"image\":{\"@id\":\"https:\/\/capelle.ratiodesign.dev\/welzijn\/#\/schema\/logo\/image\/\"}},{\"@type\":\"Person\",\"@id\":\"https:\/\/capelle.ratiodesign.dev\/welzijn\/#\/schema\/person\/fb4ce06452f744ff6b772cb7720e69db\",\"name\":\"admin\",\"image\":{\"@type\":\"ImageObject\",\"inLanguage\":\"nl-NL\",\"@id\":\"https:\/\/capelle.ratiodesign.dev\/welzijn\/#\/schema\/person\/image\/\",\"url\":\"https:\/\/secure.gravatar.com\/avatar\/11bf15cdc3f62ea656bbe95063e2c55fd83c3f9c373f93bbd5692994da015c2b?s=96&d=mm&r=g\",\"contentUrl\":\"https:\/\/secure.gravatar.com\/avatar\/11bf15cdc3f62ea656bbe95063e2c55fd83c3f9c373f93bbd5692994da015c2b?s=96&d=mm&r=g\",\"caption\":\"admin\"},\"url\":\"https:\/\/capelle.ratiodesign.dev\/welzijn\/nieuws\/author\/admin\/\"}]}<\/script>\n<!-- \/ Yoast SEO plugin. -->","yoast_head_json":{"title":"Ik wil doorgeven wat ik heb geleerd - Welzijn Capelle","description":"Voor vrouwen in Capelle aan den IJssel die te maken hebben (gehad) met huiselijk geweld, heeft Welzijn Capelle de training \u2018Krachtige Vrouwen\u2019.","robots":{"index":"index","follow":"follow","max-snippet":"max-snippet:-1","max-image-preview":"max-image-preview:large","max-video-preview":"max-video-preview:-1"},"canonical":"https:\/\/capelle.ratiodesign.dev\/welzijn\/nieuws\/ik-wil-doorgeven-wat-ik-heb-geleerd\/","og_locale":"nl_NL","og_type":"article","og_title":"Ik wil doorgeven wat ik heb geleerd - Welzijn Capelle","og_description":"Voor vrouwen in Capelle aan den IJssel die te maken hebben (gehad) met huiselijk geweld, heeft Welzijn Capelle de training \u2018Krachtige Vrouwen\u2019.","og_url":"https:\/\/capelle.ratiodesign.dev\/welzijn\/nieuws\/ik-wil-doorgeven-wat-ik-heb-geleerd\/","og_site_name":"Welzijn Capelle","article_published_time":"2023-04-05T13:51:49+00:00","article_modified_time":"2023-04-05T13:53:25+00:00","og_image":[{"width":400,"height":259,"url":"https:\/\/capelle.ratiodesign.dev\/welzijn\/wp-content\/uploads\/sites\/9\/2023\/04\/Viensel_Nipsey_Hussle_photo_Adam_Bielawski.jpg","type":"image\/jpeg"}],"author":"admin","twitter_card":"summary_large_image","twitter_misc":{"Geschreven door":"admin","Geschatte leestijd":"5 minuten"},"schema":{"@context":"https:\/\/schema.org","@graph":[{"@type":"Article","@id":"https:\/\/capelle.ratiodesign.dev\/welzijn\/nieuws\/ik-wil-doorgeven-wat-ik-heb-geleerd\/#article","isPartOf":{"@id":"https:\/\/capelle.ratiodesign.dev\/welzijn\/nieuws\/ik-wil-doorgeven-wat-ik-heb-geleerd\/"},"author":{"name":"admin","@id":"https:\/\/capelle.ratiodesign.dev\/welzijn\/#\/schema\/person\/fb4ce06452f744ff6b772cb7720e69db"},"headline":"Ik wil doorgeven wat ik heb geleerd","datePublished":"2023-04-05T13:51:49+00:00","dateModified":"2023-04-05T13:53:25+00:00","mainEntityOfPage":{"@id":"https:\/\/capelle.ratiodesign.dev\/welzijn\/nieuws\/ik-wil-doorgeven-wat-ik-heb-geleerd\/"},"wordCount":947,"publisher":{"@id":"https:\/\/capelle.ratiodesign.dev\/welzijn\/#organization"},"image":{"@id":"https:\/\/capelle.ratiodesign.dev\/welzijn\/nieuws\/ik-wil-doorgeven-wat-ik-heb-geleerd\/#primaryimage"},"thumbnailUrl":"https:\/\/capelle.ratiodesign.dev\/welzijn\/wp-content\/uploads\/sites\/9\/2023\/04\/Viensel_Nipsey_Hussle_photo_Adam_Bielawski.jpg","articleSection":["Verhalen"],"inLanguage":"nl-NL"},{"@type":"WebPage","@id":"https:\/\/capelle.ratiodesign.dev\/welzijn\/nieuws\/ik-wil-doorgeven-wat-ik-heb-geleerd\/","url":"https:\/\/capelle.ratiodesign.dev\/welzijn\/nieuws\/ik-wil-doorgeven-wat-ik-heb-geleerd\/","name":"Ik wil doorgeven wat ik heb geleerd - Welzijn Capelle","isPartOf":{"@id":"https:\/\/capelle.ratiodesign.dev\/welzijn\/#website"},"primaryImageOfPage":{"@id":"https:\/\/capelle.ratiodesign.dev\/welzijn\/nieuws\/ik-wil-doorgeven-wat-ik-heb-geleerd\/#primaryimage"},"image":{"@id":"https:\/\/capelle.ratiodesign.dev\/welzijn\/nieuws\/ik-wil-doorgeven-wat-ik-heb-geleerd\/#primaryimage"},"thumbnailUrl":"https:\/\/capelle.ratiodesign.dev\/welzijn\/wp-content\/uploads\/sites\/9\/2023\/04\/Viensel_Nipsey_Hussle_photo_Adam_Bielawski.jpg","datePublished":"2023-04-05T13:51:49+00:00","dateModified":"2023-04-05T13:53:25+00:00","description":"Voor vrouwen in Capelle aan den IJssel die te maken hebben (gehad) met huiselijk geweld, heeft Welzijn Capelle de training \u2018Krachtige Vrouwen\u2019.","breadcrumb":{"@id":"https:\/\/capelle.ratiodesign.dev\/welzijn\/nieuws\/ik-wil-doorgeven-wat-ik-heb-geleerd\/#breadcrumb"},"inLanguage":"nl-NL","potentialAction":[{"@type":"ReadAction","target":["https:\/\/capelle.ratiodesign.dev\/welzijn\/nieuws\/ik-wil-doorgeven-wat-ik-heb-geleerd\/"]}]},{"@type":"ImageObject","inLanguage":"nl-NL","@id":"https:\/\/capelle.ratiodesign.dev\/welzijn\/nieuws\/ik-wil-doorgeven-wat-ik-heb-geleerd\/#primaryimage","url":"https:\/\/capelle.ratiodesign.dev\/welzijn\/wp-content\/uploads\/sites\/9\/2023\/04\/Viensel_Nipsey_Hussle_photo_Adam_Bielawski.jpg","contentUrl":"https:\/\/capelle.ratiodesign.dev\/welzijn\/wp-content\/uploads\/sites\/9\/2023\/04\/Viensel_Nipsey_Hussle_photo_Adam_Bielawski.jpg","width":400,"height":259},{"@type":"BreadcrumbList","@id":"https:\/\/capelle.ratiodesign.dev\/welzijn\/nieuws\/ik-wil-doorgeven-wat-ik-heb-geleerd\/#breadcrumb","itemListElement":[{"@type":"ListItem","position":1,"name":"Home","item":"https:\/\/capelle.ratiodesign.dev\/welzijn\/"},{"@type":"ListItem","position":2,"name":"Ik wil doorgeven wat ik heb geleerd"}]},{"@type":"WebSite","@id":"https:\/\/capelle.ratiodesign.dev\/welzijn\/#website","url":"https:\/\/capelle.ratiodesign.dev\/welzijn\/","name":"Welzijn Capelle","description":"","publisher":{"@id":"https:\/\/capelle.ratiodesign.dev\/welzijn\/#organization"},"potentialAction":[{"@type":"SearchAction","target":{"@type":"EntryPoint","urlTemplate":"https:\/\/capelle.ratiodesign.dev\/welzijn\/?s={search_term_string}"},"query-input":{"@type":"PropertyValueSpecification","valueRequired":true,"valueName":"search_term_string"}}],"inLanguage":"nl-NL"},{"@type":"Organization","@id":"https:\/\/capelle.ratiodesign.dev\/welzijn\/#organization","name":"Welzijn Capelle","url":"https:\/\/capelle.ratiodesign.dev\/welzijn\/","logo":{"@type":"ImageObject","inLanguage":"nl-NL","@id":"https:\/\/capelle.ratiodesign.dev\/welzijn\/#\/schema\/logo\/image\/","url":"https:\/\/capelle.ratiodesign.dev\/welzijn\/wp-content\/uploads\/sites\/9\/2022\/12\/logo.svg","contentUrl":"https:\/\/capelle.ratiodesign.dev\/welzijn\/wp-content\/uploads\/sites\/9\/2022\/12\/logo.svg","width":1,"height":1,"caption":"Welzijn Capelle"},"image":{"@id":"https:\/\/capelle.ratiodesign.dev\/welzijn\/#\/schema\/logo\/image\/"}},{"@type":"Person","@id":"https:\/\/capelle.ratiodesign.dev\/welzijn\/#\/schema\/person\/fb4ce06452f744ff6b772cb7720e69db","name":"admin","image":{"@type":"ImageObject","inLanguage":"nl-NL","@id":"https:\/\/capelle.ratiodesign.dev\/welzijn\/#\/schema\/person\/image\/","url":"https:\/\/secure.gravatar.com\/avatar\/11bf15cdc3f62ea656bbe95063e2c55fd83c3f9c373f93bbd5692994da015c2b?s=96&d=mm&r=g","contentUrl":"https:\/\/secure.gravatar.com\/avatar\/11bf15cdc3f62ea656bbe95063e2c55fd83c3f9c373f93bbd5692994da015c2b?s=96&d=mm&r=g","caption":"admin"},"url":"https:\/\/capelle.ratiodesign.dev\/welzijn\/nieuws\/author\/admin\/"}]}},"_links":{"self":[{"href":"https:\/\/capelle.ratiodesign.dev\/welzijn\/wp-json\/wp\/v2\/posts\/2392","targetHints":{"allow":["GET"]}}],"collection":[{"href":"https:\/\/capelle.ratiodesign.dev\/welzijn\/wp-json\/wp\/v2\/posts"}],"about":[{"href":"https:\/\/capelle.ratiodesign.dev\/welzijn\/wp-json\/wp\/v2\/types\/post"}],"author":[{"embeddable":true,"href":"https:\/\/capelle.ratiodesign.dev\/welzijn\/wp-json\/wp\/v2\/users\/1"}],"replies":[{"embeddable":true,"href":"https:\/\/capelle.ratiodesign.dev\/welzijn\/wp-json\/wp\/v2\/comments?post=2392"}],"version-history":[{"count":2,"href":"https:\/\/capelle.ratiodesign.dev\/welzijn\/wp-json\/wp\/v2\/posts\/2392\/revisions"}],"predecessor-version":[{"id":2396,"href":"https:\/\/capelle.ratiodesign.dev\/welzijn\/wp-json\/wp\/v2\/posts\/2392\/revisions\/2396"}],"wp:featuredmedia":[{"embeddable":true,"href":"https:\/\/capelle.ratiodesign.dev\/welzijn\/wp-json\/wp\/v2\/media\/2393"}],"wp:attachment":[{"href":"https:\/\/capelle.ratiodesign.dev\/welzijn\/wp-json\/wp\/v2\/media?parent=2392"}],"wp:term":[{"taxonomy":"category","embeddable":true,"href":"https:\/\/capelle.ratiodesign.dev\/welzijn\/wp-json\/wp\/v2\/categories?post=2392"},{"taxonomy":"post_tag","embeddable":true,"href":"https:\/\/capelle.ratiodesign.dev\/welzijn\/wp-json\/wp\/v2\/tags?post=2392"},{"taxonomy":"age","embeddable":true,"href":"https:\/\/capelle.ratiodesign.dev\/welzijn\/wp-json\/wp\/v2\/age?post=2392"},{"taxonomy":"area","embeddable":true,"href":"https:\/\/capelle.ratiodesign.dev\/welzijn\/wp-json\/wp\/v2\/area?post=2392"},{"taxonomy":"theme","embeddable":true,"href":"https:\/\/capelle.ratiodesign.dev\/welzijn\/wp-json\/wp\/v2\/theme?post=2392"}],"curies":[{"name":"wp","href":"https:\/\/api.w.org\/{rel}","templated":true}]}}