{"id":2225,"date":"2023-04-03T12:25:07","date_gmt":"2023-04-03T12:25:07","guid":{"rendered":"https:\/\/capelle.ratiodesign.dev\/welzijn\/?p=2225"},"modified":"2023-04-06T07:08:33","modified_gmt":"2023-04-06T07:08:33","slug":"eet-mee-bij-eetcafe-lvb","status":"publish","type":"post","link":"https:\/\/capelle.ratiodesign.dev\/welzijn\/nieuws\/eet-mee-bij-eetcafe-lvb\/","title":{"rendered":"Eet mee bij Eetcaf\u00e9 LVB"},"content":{"rendered":"\n<div class=\"wp-block-group is-layout-constrained wp-block-group-is-layout-constrained\" style=\"padding-top:var(--wp--preset--spacing--5);padding-bottom:var(--wp--preset--spacing--5)\">\n<h1 class=\"wp-block-heading\">Eet mee bij Eetcaf\u00e9 Lief, Vriendelijk &amp; Behulpzaam<\/h1>\n\n\n\n<p class=\"has-blue-color has-text-color has-medium-font-size\">\u2018Het eetcaf\u00e9 is heel gezellig!\u2019 wordt er geroepen. \u2018Ja, en het eten is hartstikke lekker!\u2019 Sara heeft een licht verstandelijke beperking, Ab heeft een vorm van autisme. Sinds kort eten ze elke maandag bij Eetcaf\u00e9 LVB in Huis van de Wijk Middelwatering. Mee-eten voor maar \u20ac5? Er is nog plek!<\/p>\n\n\n\n<div class=\"wp-block-columns is-layout-flex wp-container-core-columns-is-layout-28f84493 wp-block-columns-is-layout-flex\">\n<div class=\"wp-block-column is-layout-flow wp-block-column-is-layout-flow\">\n<div class=\"wp-block-group is-layout-constrained wp-block-group-is-layout-constrained\">\n<p>De kokkinnen van Eetcaf\u00e9 LVB (wat vooral staat voor Lief, Vriendelijk en Behulpzaam) zijn Dani\u00eblle Kort en Petra van Wagtendonk. Dani\u00eblle is cli\u00ebntondersteuner bij Welzijn Capelle, Petra begeleidster bij ASVZ: \u2018Er wordt niet veel georganiseerd voor deze doelgroep in Capelle. Maar natuurlijk is er w\u00e9l behoefte aan. Daarom zijn we het eetcaf\u00e9 begonnen. Elke week eten er ongeveer 13 mensen mee. En er is nog plek voor meer mensen.\u2019<\/p>\n\n\n\n<p>Het menu is gevarieerd, heerlijk en gezond: stamppot, bami, nasi en meer \u2013 alles vers gekookt. Ook vegetari\u00ebrs of mensen met speciale dieetwensen kunnen mee-eten. Natuurlijk is er altijd een lekker toetje. En z\u00e9lfs de afwas wordt voor de gasten gedaan. Danielle: \u2018Wil je gezellig samen eten met andere mensen die ook wat zorg en begeleiding hebben? Kom eens langs, of bel me!\u2019<\/p>\n<\/div>\n<\/div>\n\n\n\n<div class=\"wp-block-column is-layout-flow wp-block-column-is-layout-flow\"><figure class=\"wp-block-post-featured-image\"><img loading=\"lazy\" decoding=\"async\" width=\"962\" height=\"600\" src=\"https:\/\/capelle.ratiodesign.dev\/welzijn\/wp-content\/uploads\/sites\/9\/2023\/04\/Eetcafe_LVB.jpg\" class=\"attachment-post-thumbnail size-post-thumbnail wp-post-image\" alt=\"\" style=\"object-fit:cover;\" srcset=\"https:\/\/capelle.ratiodesign.dev\/welzijn\/wp-content\/uploads\/sites\/9\/2023\/04\/Eetcafe_LVB.jpg 962w, https:\/\/capelle.ratiodesign.dev\/welzijn\/wp-content\/uploads\/sites\/9\/2023\/04\/Eetcafe_LVB-300x187.jpg 300w\" sizes=\"auto, (max-width: 962px) 100vw, 962px\" \/><\/figure><\/div>\n<\/div>\n\n\n\n<p><strong><strong>Aanmelden &amp; informatie<\/strong>&nbsp;<\/strong><\/p>\n\n\n\n<p class=\"has-link-color has-normal-font-size wp-elements-d30cd7473bc4fff6556ffacf8358ede5\" style=\"margin-top:0;margin-right:0;margin-bottom:var(--wp--preset--spacing--2-5);margin-left:0;padding-top:0;padding-right:0;padding-bottom:0;padding-left:0\">Aanmelden kan via Danielle Kort, <a href=\"mailto:d.kort@welzijncapelle.nu\">d.kort@welzijncapelle.nu<\/a> | <a href=\"tel:\">06 -137 35 962<\/a>. Eetcaf\u00e9 LVB is elke maandag van 16.30 tot 19.30 uur. Adres: Huis van de Wijk Middelwatering, Reigerlaan 66. De eigen bijdrage is \u20ac5.<\/p>\n\n\n\n<p class=\"has-link-color has-normal-font-size wp-elements-c714aefb534ad9d9752a7cb18ff5e281\" style=\"margin-top:0;margin-right:0;margin-bottom:var(--wp--preset--spacing--2-5);margin-left:0;padding-top:0;padding-right:0;padding-bottom:0;padding-left:0\"><br> <\/p>\n\n\n\n<p><br><\/p>\n<\/div>\n","protected":false},"excerpt":{"rendered":"<p>Sara heeft een licht verstandelijke beperking, Ab heeft een vorm van autisme. Sinds kort eten ze elke maandag bij Eetcaf\u00e9 LVB in Huis van de Wijk Middelwatering. <\/p>\n","protected":false},"author":1,"featured_media":2226,"comment_status":"closed","ping_status":"open","sticky":false,"template":"","format":"standard","meta":{"footnotes":""},"categories":[],"tags":[],"age":[33],"area":[50],"theme":[43],"class_list":["post-2225","post","type-post","status-publish","format-standard","has-post-thumbnail","hentry","age-volwassenen","area-middelwatering","theme-ontmoeten-doen"],"yoast_head":"<!-- This site is optimized with the Yoast SEO plugin v23.5 - https:\/\/yoast.com\/wordpress\/plugins\/seo\/ -->\n<title>Eet mee bij Eetcaf\u00e9 LVB - Welzijn Capelle<\/title>\n<meta name=\"description\" content=\"Voor vrouwen in Capelle aan den IJssel die te maken hebben (gehad) met huiselijk geweld, heeft Welzijn Capelle de training \u2018Krachtige Vrouwen\u2019.\" \/>\n<meta name=\"robots\" content=\"index, follow, max-snippet:-1, max-image-preview:large, max-video-preview:-1\" \/>\n<link rel=\"canonical\" href=\"https:\/\/capelle.ratiodesign.dev\/welzijn\/nieuws\/eet-mee-bij-eetcafe-lvb\/\" \/>\n<meta property=\"og:locale\" content=\"nl_NL\" \/>\n<meta property=\"og:type\" content=\"article\" \/>\n<meta property=\"og:title\" content=\"Eet mee bij Eetcaf\u00e9 LVB - Welzijn Capelle\" \/>\n<meta property=\"og:description\" content=\"Voor vrouwen in Capelle aan den IJssel die te maken hebben (gehad) met huiselijk geweld, heeft Welzijn Capelle de training \u2018Krachtige Vrouwen\u2019.\" \/>\n<meta property=\"og:url\" content=\"https:\/\/capelle.ratiodesign.dev\/welzijn\/nieuws\/eet-mee-bij-eetcafe-lvb\/\" \/>\n<meta property=\"og:site_name\" content=\"Welzijn Capelle\" \/>\n<meta property=\"article:published_time\" content=\"2023-04-03T12:25:07+00:00\" \/>\n<meta property=\"article:modified_time\" content=\"2023-04-06T07:08:33+00:00\" \/>\n<meta property=\"og:image\" content=\"https:\/\/capelle.ratiodesign.dev\/welzijn\/wp-content\/uploads\/sites\/9\/2023\/04\/Eetcafe_LVB.jpg\" \/>\n\t<meta property=\"og:image:width\" content=\"962\" \/>\n\t<meta property=\"og:image:height\" content=\"600\" \/>\n\t<meta property=\"og:image:type\" content=\"image\/jpeg\" \/>\n<meta name=\"author\" content=\"admin\" \/>\n<meta name=\"twitter:card\" content=\"summary_large_image\" \/>\n<meta name=\"twitter:label1\" content=\"Geschreven door\" \/>\n\t<meta name=\"twitter:data1\" content=\"admin\" \/>\n\t<meta name=\"twitter:label2\" content=\"Geschatte leestijd\" \/>\n\t<meta name=\"twitter:data2\" content=\"2 minuten\" \/>\n<script type=\"application\/ld+json\" class=\"yoast-schema-graph\">{\"@context\":\"https:\/\/schema.org\",\"@graph\":[{\"@type\":\"Article\",\"@id\":\"https:\/\/capelle.ratiodesign.dev\/welzijn\/nieuws\/eet-mee-bij-eetcafe-lvb\/#article\",\"isPartOf\":{\"@id\":\"https:\/\/capelle.ratiodesign.dev\/welzijn\/nieuws\/eet-mee-bij-eetcafe-lvb\/\"},\"author\":{\"name\":\"admin\",\"@id\":\"https:\/\/capelle.ratiodesign.dev\/welzijn\/#\/schema\/person\/fb4ce06452f744ff6b772cb7720e69db\"},\"headline\":\"Eet mee bij Eetcaf\u00e9 LVB\",\"datePublished\":\"2023-04-03T12:25:07+00:00\",\"dateModified\":\"2023-04-06T07:08:33+00:00\",\"mainEntityOfPage\":{\"@id\":\"https:\/\/capelle.ratiodesign.dev\/welzijn\/nieuws\/eet-mee-bij-eetcafe-lvb\/\"},\"wordCount\":231,\"publisher\":{\"@id\":\"https:\/\/capelle.ratiodesign.dev\/welzijn\/#organization\"},\"image\":{\"@id\":\"https:\/\/capelle.ratiodesign.dev\/welzijn\/nieuws\/eet-mee-bij-eetcafe-lvb\/#primaryimage\"},\"thumbnailUrl\":\"https:\/\/capelle.ratiodesign.dev\/welzijn\/wp-content\/uploads\/sites\/9\/2023\/04\/Eetcafe_LVB.jpg\",\"inLanguage\":\"nl-NL\"},{\"@type\":\"WebPage\",\"@id\":\"https:\/\/capelle.ratiodesign.dev\/welzijn\/nieuws\/eet-mee-bij-eetcafe-lvb\/\",\"url\":\"https:\/\/capelle.ratiodesign.dev\/welzijn\/nieuws\/eet-mee-bij-eetcafe-lvb\/\",\"name\":\"Eet mee bij Eetcaf\u00e9 LVB - Welzijn Capelle\",\"isPartOf\":{\"@id\":\"https:\/\/capelle.ratiodesign.dev\/welzijn\/#website\"},\"primaryImageOfPage\":{\"@id\":\"https:\/\/capelle.ratiodesign.dev\/welzijn\/nieuws\/eet-mee-bij-eetcafe-lvb\/#primaryimage\"},\"image\":{\"@id\":\"https:\/\/capelle.ratiodesign.dev\/welzijn\/nieuws\/eet-mee-bij-eetcafe-lvb\/#primaryimage\"},\"thumbnailUrl\":\"https:\/\/capelle.ratiodesign.dev\/welzijn\/wp-content\/uploads\/sites\/9\/2023\/04\/Eetcafe_LVB.jpg\",\"datePublished\":\"2023-04-03T12:25:07+00:00\",\"dateModified\":\"2023-04-06T07:08:33+00:00\",\"description\":\"Voor vrouwen in Capelle aan den IJssel die te maken hebben (gehad) met huiselijk geweld, heeft Welzijn Capelle de training \u2018Krachtige Vrouwen\u2019.\",\"breadcrumb\":{\"@id\":\"https:\/\/capelle.ratiodesign.dev\/welzijn\/nieuws\/eet-mee-bij-eetcafe-lvb\/#breadcrumb\"},\"inLanguage\":\"nl-NL\",\"potentialAction\":[{\"@type\":\"ReadAction\",\"target\":[\"https:\/\/capelle.ratiodesign.dev\/welzijn\/nieuws\/eet-mee-bij-eetcafe-lvb\/\"]}]},{\"@type\":\"ImageObject\",\"inLanguage\":\"nl-NL\",\"@id\":\"https:\/\/capelle.ratiodesign.dev\/welzijn\/nieuws\/eet-mee-bij-eetcafe-lvb\/#primaryimage\",\"url\":\"https:\/\/capelle.ratiodesign.dev\/welzijn\/wp-content\/uploads\/sites\/9\/2023\/04\/Eetcafe_LVB.jpg\",\"contentUrl\":\"https:\/\/capelle.ratiodesign.dev\/welzijn\/wp-content\/uploads\/sites\/9\/2023\/04\/Eetcafe_LVB.jpg\",\"width\":962,\"height\":600,\"caption\":\"Kokkinnen Petra en Dani\u00eblle\"},{\"@type\":\"BreadcrumbList\",\"@id\":\"https:\/\/capelle.ratiodesign.dev\/welzijn\/nieuws\/eet-mee-bij-eetcafe-lvb\/#breadcrumb\",\"itemListElement\":[{\"@type\":\"ListItem\",\"position\":1,\"name\":\"Home\",\"item\":\"https:\/\/capelle.ratiodesign.dev\/welzijn\/\"},{\"@type\":\"ListItem\",\"position\":2,\"name\":\"Eet mee bij Eetcaf\u00e9 LVB\"}]},{\"@type\":\"WebSite\",\"@id\":\"https:\/\/capelle.ratiodesign.dev\/welzijn\/#website\",\"url\":\"https:\/\/capelle.ratiodesign.dev\/welzijn\/\",\"name\":\"Welzijn Capelle\",\"description\":\"\",\"publisher\":{\"@id\":\"https:\/\/capelle.ratiodesign.dev\/welzijn\/#organization\"},\"potentialAction\":[{\"@type\":\"SearchAction\",\"target\":{\"@type\":\"EntryPoint\",\"urlTemplate\":\"https:\/\/capelle.ratiodesign.dev\/welzijn\/?s={search_term_string}\"},\"query-input\":{\"@type\":\"PropertyValueSpecification\",\"valueRequired\":true,\"valueName\":\"search_term_string\"}}],\"inLanguage\":\"nl-NL\"},{\"@type\":\"Organization\",\"@id\":\"https:\/\/capelle.ratiodesign.dev\/welzijn\/#organization\",\"name\":\"Welzijn Capelle\",\"url\":\"https:\/\/capelle.ratiodesign.dev\/welzijn\/\",\"logo\":{\"@type\":\"ImageObject\",\"inLanguage\":\"nl-NL\",\"@id\":\"https:\/\/capelle.ratiodesign.dev\/welzijn\/#\/schema\/logo\/image\/\",\"url\":\"https:\/\/capelle.ratiodesign.dev\/welzijn\/wp-content\/uploads\/sites\/9\/2022\/12\/logo.svg\",\"contentUrl\":\"https:\/\/capelle.ratiodesign.dev\/welzijn\/wp-content\/uploads\/sites\/9\/2022\/12\/logo.svg\",\"width\":1,\"height\":1,\"caption\":\"Welzijn Capelle\"},\"image\":{\"@id\":\"https:\/\/capelle.ratiodesign.dev\/welzijn\/#\/schema\/logo\/image\/\"}},{\"@type\":\"Person\",\"@id\":\"https:\/\/capelle.ratiodesign.dev\/welzijn\/#\/schema\/person\/fb4ce06452f744ff6b772cb7720e69db\",\"name\":\"admin\",\"image\":{\"@type\":\"ImageObject\",\"inLanguage\":\"nl-NL\",\"@id\":\"https:\/\/capelle.ratiodesign.dev\/welzijn\/#\/schema\/person\/image\/\",\"url\":\"https:\/\/secure.gravatar.com\/avatar\/11bf15cdc3f62ea656bbe95063e2c55fd83c3f9c373f93bbd5692994da015c2b?s=96&d=mm&r=g\",\"contentUrl\":\"https:\/\/secure.gravatar.com\/avatar\/11bf15cdc3f62ea656bbe95063e2c55fd83c3f9c373f93bbd5692994da015c2b?s=96&d=mm&r=g\",\"caption\":\"admin\"},\"url\":\"https:\/\/capelle.ratiodesign.dev\/welzijn\/nieuws\/author\/admin\/\"}]}<\/script>\n<!-- \/ Yoast SEO plugin. -->","yoast_head_json":{"title":"Eet mee bij Eetcaf\u00e9 LVB - Welzijn Capelle","description":"Voor vrouwen in Capelle aan den IJssel die te maken hebben (gehad) met huiselijk geweld, heeft Welzijn Capelle de training \u2018Krachtige Vrouwen\u2019.","robots":{"index":"index","follow":"follow","max-snippet":"max-snippet:-1","max-image-preview":"max-image-preview:large","max-video-preview":"max-video-preview:-1"},"canonical":"https:\/\/capelle.ratiodesign.dev\/welzijn\/nieuws\/eet-mee-bij-eetcafe-lvb\/","og_locale":"nl_NL","og_type":"article","og_title":"Eet mee bij Eetcaf\u00e9 LVB - Welzijn Capelle","og_description":"Voor vrouwen in Capelle aan den IJssel die te maken hebben (gehad) met huiselijk geweld, heeft Welzijn Capelle de training \u2018Krachtige Vrouwen\u2019.","og_url":"https:\/\/capelle.ratiodesign.dev\/welzijn\/nieuws\/eet-mee-bij-eetcafe-lvb\/","og_site_name":"Welzijn Capelle","article_published_time":"2023-04-03T12:25:07+00:00","article_modified_time":"2023-04-06T07:08:33+00:00","og_image":[{"width":962,"height":600,"url":"https:\/\/capelle.ratiodesign.dev\/welzijn\/wp-content\/uploads\/sites\/9\/2023\/04\/Eetcafe_LVB.jpg","type":"image\/jpeg"}],"author":"admin","twitter_card":"summary_large_image","twitter_misc":{"Geschreven door":"admin","Geschatte leestijd":"2 minuten"},"schema":{"@context":"https:\/\/schema.org","@graph":[{"@type":"Article","@id":"https:\/\/capelle.ratiodesign.dev\/welzijn\/nieuws\/eet-mee-bij-eetcafe-lvb\/#article","isPartOf":{"@id":"https:\/\/capelle.ratiodesign.dev\/welzijn\/nieuws\/eet-mee-bij-eetcafe-lvb\/"},"author":{"name":"admin","@id":"https:\/\/capelle.ratiodesign.dev\/welzijn\/#\/schema\/person\/fb4ce06452f744ff6b772cb7720e69db"},"headline":"Eet mee bij Eetcaf\u00e9 LVB","datePublished":"2023-04-03T12:25:07+00:00","dateModified":"2023-04-06T07:08:33+00:00","mainEntityOfPage":{"@id":"https:\/\/capelle.ratiodesign.dev\/welzijn\/nieuws\/eet-mee-bij-eetcafe-lvb\/"},"wordCount":231,"publisher":{"@id":"https:\/\/capelle.ratiodesign.dev\/welzijn\/#organization"},"image":{"@id":"https:\/\/capelle.ratiodesign.dev\/welzijn\/nieuws\/eet-mee-bij-eetcafe-lvb\/#primaryimage"},"thumbnailUrl":"https:\/\/capelle.ratiodesign.dev\/welzijn\/wp-content\/uploads\/sites\/9\/2023\/04\/Eetcafe_LVB.jpg","inLanguage":"nl-NL"},{"@type":"WebPage","@id":"https:\/\/capelle.ratiodesign.dev\/welzijn\/nieuws\/eet-mee-bij-eetcafe-lvb\/","url":"https:\/\/capelle.ratiodesign.dev\/welzijn\/nieuws\/eet-mee-bij-eetcafe-lvb\/","name":"Eet mee bij Eetcaf\u00e9 LVB - Welzijn Capelle","isPartOf":{"@id":"https:\/\/capelle.ratiodesign.dev\/welzijn\/#website"},"primaryImageOfPage":{"@id":"https:\/\/capelle.ratiodesign.dev\/welzijn\/nieuws\/eet-mee-bij-eetcafe-lvb\/#primaryimage"},"image":{"@id":"https:\/\/capelle.ratiodesign.dev\/welzijn\/nieuws\/eet-mee-bij-eetcafe-lvb\/#primaryimage"},"thumbnailUrl":"https:\/\/capelle.ratiodesign.dev\/welzijn\/wp-content\/uploads\/sites\/9\/2023\/04\/Eetcafe_LVB.jpg","datePublished":"2023-04-03T12:25:07+00:00","dateModified":"2023-04-06T07:08:33+00:00","description":"Voor vrouwen in Capelle aan den IJssel die te maken hebben (gehad) met huiselijk geweld, heeft Welzijn Capelle de training \u2018Krachtige Vrouwen\u2019.","breadcrumb":{"@id":"https:\/\/capelle.ratiodesign.dev\/welzijn\/nieuws\/eet-mee-bij-eetcafe-lvb\/#breadcrumb"},"inLanguage":"nl-NL","potentialAction":[{"@type":"ReadAction","target":["https:\/\/capelle.ratiodesign.dev\/welzijn\/nieuws\/eet-mee-bij-eetcafe-lvb\/"]}]},{"@type":"ImageObject","inLanguage":"nl-NL","@id":"https:\/\/capelle.ratiodesign.dev\/welzijn\/nieuws\/eet-mee-bij-eetcafe-lvb\/#primaryimage","url":"https:\/\/capelle.ratiodesign.dev\/welzijn\/wp-content\/uploads\/sites\/9\/2023\/04\/Eetcafe_LVB.jpg","contentUrl":"https:\/\/capelle.ratiodesign.dev\/welzijn\/wp-content\/uploads\/sites\/9\/2023\/04\/Eetcafe_LVB.jpg","width":962,"height":600,"caption":"Kokkinnen Petra en Dani\u00eblle"},{"@type":"BreadcrumbList","@id":"https:\/\/capelle.ratiodesign.dev\/welzijn\/nieuws\/eet-mee-bij-eetcafe-lvb\/#breadcrumb","itemListElement":[{"@type":"ListItem","position":1,"name":"Home","item":"https:\/\/capelle.ratiodesign.dev\/welzijn\/"},{"@type":"ListItem","position":2,"name":"Eet mee bij Eetcaf\u00e9 LVB"}]},{"@type":"WebSite","@id":"https:\/\/capelle.ratiodesign.dev\/welzijn\/#website","url":"https:\/\/capelle.ratiodesign.dev\/welzijn\/","name":"Welzijn Capelle","description":"","publisher":{"@id":"https:\/\/capelle.ratiodesign.dev\/welzijn\/#organization"},"potentialAction":[{"@type":"SearchAction","target":{"@type":"EntryPoint","urlTemplate":"https:\/\/capelle.ratiodesign.dev\/welzijn\/?s={search_term_string}"},"query-input":{"@type":"PropertyValueSpecification","valueRequired":true,"valueName":"search_term_string"}}],"inLanguage":"nl-NL"},{"@type":"Organization","@id":"https:\/\/capelle.ratiodesign.dev\/welzijn\/#organization","name":"Welzijn Capelle","url":"https:\/\/capelle.ratiodesign.dev\/welzijn\/","logo":{"@type":"ImageObject","inLanguage":"nl-NL","@id":"https:\/\/capelle.ratiodesign.dev\/welzijn\/#\/schema\/logo\/image\/","url":"https:\/\/capelle.ratiodesign.dev\/welzijn\/wp-content\/uploads\/sites\/9\/2022\/12\/logo.svg","contentUrl":"https:\/\/capelle.ratiodesign.dev\/welzijn\/wp-content\/uploads\/sites\/9\/2022\/12\/logo.svg","width":1,"height":1,"caption":"Welzijn Capelle"},"image":{"@id":"https:\/\/capelle.ratiodesign.dev\/welzijn\/#\/schema\/logo\/image\/"}},{"@type":"Person","@id":"https:\/\/capelle.ratiodesign.dev\/welzijn\/#\/schema\/person\/fb4ce06452f744ff6b772cb7720e69db","name":"admin","image":{"@type":"ImageObject","inLanguage":"nl-NL","@id":"https:\/\/capelle.ratiodesign.dev\/welzijn\/#\/schema\/person\/image\/","url":"https:\/\/secure.gravatar.com\/avatar\/11bf15cdc3f62ea656bbe95063e2c55fd83c3f9c373f93bbd5692994da015c2b?s=96&d=mm&r=g","contentUrl":"https:\/\/secure.gravatar.com\/avatar\/11bf15cdc3f62ea656bbe95063e2c55fd83c3f9c373f93bbd5692994da015c2b?s=96&d=mm&r=g","caption":"admin"},"url":"https:\/\/capelle.ratiodesign.dev\/welzijn\/nieuws\/author\/admin\/"}]}},"_links":{"self":[{"href":"https:\/\/capelle.ratiodesign.dev\/welzijn\/wp-json\/wp\/v2\/posts\/2225","targetHints":{"allow":["GET"]}}],"collection":[{"href":"https:\/\/capelle.ratiodesign.dev\/welzijn\/wp-json\/wp\/v2\/posts"}],"about":[{"href":"https:\/\/capelle.ratiodesign.dev\/welzijn\/wp-json\/wp\/v2\/types\/post"}],"author":[{"embeddable":true,"href":"https:\/\/capelle.ratiodesign.dev\/welzijn\/wp-json\/wp\/v2\/users\/1"}],"replies":[{"embeddable":true,"href":"https:\/\/capelle.ratiodesign.dev\/welzijn\/wp-json\/wp\/v2\/comments?post=2225"}],"version-history":[{"count":5,"href":"https:\/\/capelle.ratiodesign.dev\/welzijn\/wp-json\/wp\/v2\/posts\/2225\/revisions"}],"predecessor-version":[{"id":2440,"href":"https:\/\/capelle.ratiodesign.dev\/welzijn\/wp-json\/wp\/v2\/posts\/2225\/revisions\/2440"}],"wp:featuredmedia":[{"embeddable":true,"href":"https:\/\/capelle.ratiodesign.dev\/welzijn\/wp-json\/wp\/v2\/media\/2226"}],"wp:attachment":[{"href":"https:\/\/capelle.ratiodesign.dev\/welzijn\/wp-json\/wp\/v2\/media?parent=2225"}],"wp:term":[{"taxonomy":"category","embeddable":true,"href":"https:\/\/capelle.ratiodesign.dev\/welzijn\/wp-json\/wp\/v2\/categories?post=2225"},{"taxonomy":"post_tag","embeddable":true,"href":"https:\/\/capelle.ratiodesign.dev\/welzijn\/wp-json\/wp\/v2\/tags?post=2225"},{"taxonomy":"age","embeddable":true,"href":"https:\/\/capelle.ratiodesign.dev\/welzijn\/wp-json\/wp\/v2\/age?post=2225"},{"taxonomy":"area","embeddable":true,"href":"https:\/\/capelle.ratiodesign.dev\/welzijn\/wp-json\/wp\/v2\/area?post=2225"},{"taxonomy":"theme","embeddable":true,"href":"https:\/\/capelle.ratiodesign.dev\/welzijn\/wp-json\/wp\/v2\/theme?post=2225"}],"curies":[{"name":"wp","href":"https:\/\/api.w.org\/{rel}","templated":true}]}}