{"id":2212,"date":"2023-04-03T10:32:32","date_gmt":"2023-04-03T10:32:32","guid":{"rendered":"https:\/\/capelle.ratiodesign.dev\/welzijn\/?p=2212"},"modified":"2023-04-12T15:38:25","modified_gmt":"2023-04-12T13:38:25","slug":"koninklijk-borduren","status":"publish","type":"post","link":"https:\/\/capelle.ratiodesign.dev\/welzijn\/nieuws\/koninklijk-borduren\/","title":{"rendered":"Koninklijk borduren"},"content":{"rendered":"\n<div class=\"wp-block-group is-layout-constrained wp-block-group-is-layout-constrained\" style=\"padding-top:var(--wp--preset--spacing--5);padding-bottom:var(--wp--preset--spacing--5)\">\n<h1 class=\"wp-block-heading\">Koninklijk borduren<\/h1>\n\n\n\n<p class=\"has-blue-color has-text-color has-medium-font-size\">De werkgroep Arabisch borduren bestaat alweer twee jaar. Elke week komen vrouwen van alle leeftijden met docent Fatima bij elkaar in Huis van de Wijk Oostgaarde. Eerder schonk de groep een <a href=\"https:\/\/www.welzijncapelle.nl\/nieuws\/werkgroep-arabisch-borduren\/\">borduurkunstwerk aan de gemeente<\/a>; recent hebben ze geborduurd aan de nieuwe gordijnen voor Paleis Huis ten Bosch. Met niemand minder dan \u2026 Koningin M\u00e1xima!<\/p>\n\n\n\n<div class=\"wp-block-columns is-layout-flex wp-container-core-columns-is-layout-28f84493 wp-block-columns-is-layout-flex\">\n<div class=\"wp-block-column is-layout-flow wp-block-column-is-layout-flow\">\n<div class=\"wp-block-group is-layout-constrained wp-block-group-is-layout-constrained\">\n<p>Fatima Abbadi, straatfotograaf en expert Arabisch borduren, verhuisde drie jaar geleden van Itali\u00eb naar Capelle aan den IJssel. Haar wereldwijde netwerk van textielprofessionals bouwde ze verder uit in Nederland. Ook met het <a href=\"https:\/\/textielmuseum.nl\/\" target=\"_blank\" rel=\"noreferrer noopener\">TextielMuseumTilburg<\/a>.<\/p>\n\n\n\n<p><strong><strong>Bijzondere opdracht<\/strong>&nbsp;<\/strong><\/p>\n\n\n\n<p class=\"has-link-color has-normal-font-size wp-elements-8940eadc8b64c02f1108695fcb37e084\" style=\"margin-top:0;margin-right:0;margin-bottom:var(--wp--preset--spacing--2-5);margin-left:0;padding-top:0;padding-right:0;padding-bottom:0;padding-left:0\">Dit Tilburgse museum selecteerde de werkgroep Arabisch borduren om mee te borduren aan gordijnen voor Paleis Huis ten Bosch. De originele 18e-eeuwse zijden gordijnen uit de Chinese Zaal waren te kwetsbaar geworden om te restaureren. Het Tilburgse TextielMuseum kreeg daarom de opdracht nieuwe gordijnen te maken, naar ontwerp van Liesbeth Stinissen. Op de nieuwe gordijnen (deels handgeborduurd, deels machinaal geborduurd) is de Nederlandse delta te zien, met architectonische iconen uit verschillende steden. Ook de Erasmusbrug! De handgeborduurde details zijn gemaakt door 16 borduurgroepen uit het hele land.<\/p>\n<\/div>\n<\/div>\n\n\n\n<div class=\"wp-block-column is-layout-flow wp-block-column-is-layout-flow\"><figure class=\"wp-block-post-featured-image\"><img loading=\"lazy\" decoding=\"async\" width=\"899\" height=\"600\" src=\"https:\/\/capelle.ratiodesign.dev\/welzijn\/wp-content\/uploads\/sites\/9\/2023\/04\/Borduurgroep-en-Maxima_foto_Maarten_Schuth_iov_TextielMuseum.jpg\" class=\"attachment-post-thumbnail size-post-thumbnail wp-post-image\" alt=\"\" style=\"object-fit:cover;\" srcset=\"https:\/\/capelle.ratiodesign.dev\/welzijn\/wp-content\/uploads\/sites\/9\/2023\/04\/Borduurgroep-en-Maxima_foto_Maarten_Schuth_iov_TextielMuseum.jpg 899w, https:\/\/capelle.ratiodesign.dev\/welzijn\/wp-content\/uploads\/sites\/9\/2023\/04\/Borduurgroep-en-Maxima_foto_Maarten_Schuth_iov_TextielMuseum-300x200.jpg 300w\" sizes=\"auto, (max-width: 899px) 100vw, 899px\" \/><\/figure><\/div>\n<\/div>\n\n\n\n<p><strong><strong>Geheim<\/strong>&nbsp;<\/strong><\/p>\n\n\n\n<p class=\"has-link-color has-normal-font-size wp-elements-fa4cf3912aaf7837b7089c4da527a4a9\" style=\"margin-top:0;margin-right:0;margin-bottom:var(--wp--preset--spacing--2-5);margin-left:0;padding-top:0;padding-right:0;padding-bottom:0;padding-left:0\">Fatima: \u2018Dat wij waren geselecteerd om mee te borduren aan de gordijnen was een hele tijd top secret! In mei kregen we een masterclass van borduurspecialist Anna Bolk om de nieuwe steken en patronen te leren.\u2019<\/p>\n\n\n\n<p><strong><strong>Koninklijk bezoek<\/strong>&nbsp;<\/strong><\/p>\n\n\n\n<p class=\"has-link-color has-normal-font-size wp-elements-c995328fd1ddff2fe8216855b854547a\" style=\"margin-top:0;margin-right:0;margin-bottom:var(--wp--preset--spacing--2-5);margin-left:0;padding-top:0;padding-right:0;padding-bottom:0;padding-left:0\">Begin juni was er hoog bezoek in <a href=\"https:\/\/www.welzijncapelle.nl\/huizen-van-de-wijk\/\" target=\"_blank\" rel=\"noreferrer noopener\">Huis van de Wijk Oostgaarde<\/a>: de koningin, incognito. Ze kwam de vorderingen van \u2018haar\u2019 gordijnen bekijken. Fatima: \u2018Toen ze aankwam, stond onze groep met andere mensen in de hal. En niemand herkende de koningin! Ze was heel onopvallend gekleed en opgemaakt. M\u00e1xima borduurde mee, en we praatten met haar over de Arabische borduurtraditie en het ontstaan van deze groep. We konden niet geloven dat ze erbij was!\u2019 Afrah, een van de leden van de borduurgroep, borduurde speciaal voor de koningin een sjaal, als geschenk.<\/p>\n\n\n\n<p><strong><strong>Wens<\/strong>&nbsp;<\/strong><\/p>\n\n\n\n<p class=\"has-link-color has-normal-font-size wp-elements-17dbc5fe78baeae740ec102ae56587c1\" style=\"margin-top:0;margin-right:0;margin-bottom:var(--wp--preset--spacing--2-5);margin-left:0;padding-top:0;padding-right:0;padding-bottom:0;padding-left:0\">Fatima Abbadi: \u2018Een aantal van de vrouwen in de werkgroep Arabisch borduren leiden een nogal teruggetrokken leven. Toen onze borduurgroep begon, vroeg ik: \u201cWat is jullie wens?\u201d Het antwoord was, \u201cIets voor koningin M\u00e1xima maken\u201d. Het leek me op dat moment realistischer om iets voor de gemeente te maken. D\u00e1t is gelukt, en nu hebben we \u00f3\u00f3k iets voor het woonpaleis van koningin M\u00e1xima gemaakt. <em>We were dreaming big \u2013 and our dream happened!<\/em>\u2019<\/p>\n\n\n\n<p><strong>Empowerment&nbsp;<\/strong><\/p>\n\n\n\n<p class=\"has-link-color has-normal-font-size wp-elements-090ba6ba1d278aad24e992fc548e42f6\" style=\"margin-top:0;margin-right:0;margin-bottom:var(--wp--preset--spacing--2-5);margin-left:0;padding-top:0;padding-right:0;padding-bottom:0;padding-left:0\">Naast de rijke Arabische borduurtraditie levend houden, wil docent Fatima ook de leden van de groep in hun kracht zetten: \u2018Ze steunen elkaar in wat ze willen bereiken, bijvoorbeeld een baan vinden of hun rijbewijs halen. Of bij priv\u00e9moeilijkheden.\u2019<\/p>\n\n\n\n<p><strong>Nieuwe doelen&nbsp;<\/strong><\/p>\n\n\n\n<p class=\"has-link-color has-normal-font-size wp-elements-a15e28a36684ae91744fb51c73da1fa0\" style=\"margin-top:0;margin-right:0;margin-bottom:var(--wp--preset--spacing--2-5);margin-left:0;padding-top:0;padding-right:0;padding-bottom:0;padding-left:0\">Door het koninklijke borduurproject heeft de groep weer nieuwe doelen gekregen. Ze denken nu na hoe ze modeontwerpers en textielexperts kunnen betrekken en hoe de leden geld kunnen verdienen met hun borduurexpertise. Fatima: \u2018Daar gaan we nu langzaam aan werken. Er is z\u00f3veel potentieel in deze groep!\u2019<\/p>\n\n\n\n<p>Ondertussen zijn de borduurwerken voor de koninklijke gordijnen al af. Ze zijn gemaakt met echte zijde, uit Frankrijk en Itali\u00eb. Vanaf 1 december zijn zowel de originele als nieuwe gordijnen te zien tijdens de tentoonstelling \u2018<a href=\"https:\/\/textielmuseum.nl\/tentoonstellingen\/koninklijk-borduren\/\" target=\"_blank\" rel=\"noreferrer noopener\">Koninklijk borduren &#8211; verhalen en vakmanschap<\/a>\u2019 in het TextielMuseum, Tilburg. Maar v\u00f3\u00f3r ze te zien zijn in een tentoonstelling voor ons allemaal, is er natuurlijk eerst een private viewing. Voor alle deelnemers van de borduurgroepen.<\/p>\n<\/div>\n","protected":false},"excerpt":{"rendered":"<p>Eerder schonk de werkgroep Arabisch Borduren een kunstwerk aan de gemeente; onlangs  borduurden ze met niemand minder dan \u2026 Koningin M\u00e1xima!<\/p>\n","protected":false},"author":1,"featured_media":2213,"comment_status":"closed","ping_status":"open","sticky":false,"template":"","format":"standard","meta":{"footnotes":""},"categories":[56],"tags":[],"age":[33],"area":[],"theme":[44],"class_list":["post-2212","post","type-post","status-publish","format-standard","has-post-thumbnail","hentry","category-verhalen","age-volwassenen","theme-inburgering"],"yoast_head":"<!-- This site is optimized with the Yoast SEO plugin v23.5 - https:\/\/yoast.com\/wordpress\/plugins\/seo\/ -->\n<title>Koninklijk borduren - Welzijn Capelle<\/title>\n<meta name=\"description\" content=\"Voor vrouwen in Capelle aan den IJssel die te maken hebben (gehad) met huiselijk geweld, heeft Welzijn Capelle de training \u2018Krachtige Vrouwen\u2019.\" \/>\n<meta name=\"robots\" content=\"index, follow, max-snippet:-1, max-image-preview:large, max-video-preview:-1\" \/>\n<link rel=\"canonical\" href=\"https:\/\/capelle.ratiodesign.dev\/welzijn\/nieuws\/koninklijk-borduren\/\" \/>\n<meta property=\"og:locale\" content=\"nl_NL\" \/>\n<meta property=\"og:type\" content=\"article\" \/>\n<meta property=\"og:title\" content=\"Koninklijk borduren - Welzijn Capelle\" \/>\n<meta property=\"og:description\" content=\"Voor vrouwen in Capelle aan den IJssel die te maken hebben (gehad) met huiselijk geweld, heeft Welzijn Capelle de training \u2018Krachtige Vrouwen\u2019.\" \/>\n<meta property=\"og:url\" content=\"https:\/\/capelle.ratiodesign.dev\/welzijn\/nieuws\/koninklijk-borduren\/\" \/>\n<meta property=\"og:site_name\" content=\"Welzijn Capelle\" \/>\n<meta property=\"article:published_time\" content=\"2023-04-03T10:32:32+00:00\" \/>\n<meta property=\"article:modified_time\" content=\"2023-04-12T13:38:25+00:00\" \/>\n<meta property=\"og:image\" content=\"https:\/\/capelle.ratiodesign.dev\/welzijn\/wp-content\/uploads\/sites\/9\/2023\/04\/Borduurgroep-en-Maxima_foto_Maarten_Schuth_iov_TextielMuseum.jpg\" \/>\n\t<meta property=\"og:image:width\" content=\"899\" \/>\n\t<meta property=\"og:image:height\" content=\"600\" \/>\n\t<meta property=\"og:image:type\" content=\"image\/jpeg\" \/>\n<meta name=\"author\" content=\"admin\" \/>\n<meta name=\"twitter:card\" content=\"summary_large_image\" \/>\n<meta name=\"twitter:label1\" content=\"Geschreven door\" \/>\n\t<meta name=\"twitter:data1\" content=\"admin\" \/>\n\t<meta name=\"twitter:label2\" content=\"Geschatte leestijd\" \/>\n\t<meta name=\"twitter:data2\" content=\"3 minuten\" \/>\n<script type=\"application\/ld+json\" class=\"yoast-schema-graph\">{\"@context\":\"https:\/\/schema.org\",\"@graph\":[{\"@type\":\"Article\",\"@id\":\"https:\/\/capelle.ratiodesign.dev\/welzijn\/nieuws\/koninklijk-borduren\/#article\",\"isPartOf\":{\"@id\":\"https:\/\/capelle.ratiodesign.dev\/welzijn\/nieuws\/koninklijk-borduren\/\"},\"author\":{\"name\":\"admin\",\"@id\":\"https:\/\/capelle.ratiodesign.dev\/welzijn\/#\/schema\/person\/fb4ce06452f744ff6b772cb7720e69db\"},\"headline\":\"Koninklijk borduren\",\"datePublished\":\"2023-04-03T10:32:32+00:00\",\"dateModified\":\"2023-04-12T13:38:25+00:00\",\"mainEntityOfPage\":{\"@id\":\"https:\/\/capelle.ratiodesign.dev\/welzijn\/nieuws\/koninklijk-borduren\/\"},\"wordCount\":555,\"publisher\":{\"@id\":\"https:\/\/capelle.ratiodesign.dev\/welzijn\/#organization\"},\"image\":{\"@id\":\"https:\/\/capelle.ratiodesign.dev\/welzijn\/nieuws\/koninklijk-borduren\/#primaryimage\"},\"thumbnailUrl\":\"https:\/\/capelle.ratiodesign.dev\/welzijn\/wp-content\/uploads\/sites\/9\/2023\/04\/Borduurgroep-en-Maxima_foto_Maarten_Schuth_iov_TextielMuseum.jpg\",\"articleSection\":[\"Verhalen\"],\"inLanguage\":\"nl-NL\"},{\"@type\":\"WebPage\",\"@id\":\"https:\/\/capelle.ratiodesign.dev\/welzijn\/nieuws\/koninklijk-borduren\/\",\"url\":\"https:\/\/capelle.ratiodesign.dev\/welzijn\/nieuws\/koninklijk-borduren\/\",\"name\":\"Koninklijk borduren - Welzijn Capelle\",\"isPartOf\":{\"@id\":\"https:\/\/capelle.ratiodesign.dev\/welzijn\/#website\"},\"primaryImageOfPage\":{\"@id\":\"https:\/\/capelle.ratiodesign.dev\/welzijn\/nieuws\/koninklijk-borduren\/#primaryimage\"},\"image\":{\"@id\":\"https:\/\/capelle.ratiodesign.dev\/welzijn\/nieuws\/koninklijk-borduren\/#primaryimage\"},\"thumbnailUrl\":\"https:\/\/capelle.ratiodesign.dev\/welzijn\/wp-content\/uploads\/sites\/9\/2023\/04\/Borduurgroep-en-Maxima_foto_Maarten_Schuth_iov_TextielMuseum.jpg\",\"datePublished\":\"2023-04-03T10:32:32+00:00\",\"dateModified\":\"2023-04-12T13:38:25+00:00\",\"description\":\"Voor vrouwen in Capelle aan den IJssel die te maken hebben (gehad) met huiselijk geweld, heeft Welzijn Capelle de training \u2018Krachtige Vrouwen\u2019.\",\"breadcrumb\":{\"@id\":\"https:\/\/capelle.ratiodesign.dev\/welzijn\/nieuws\/koninklijk-borduren\/#breadcrumb\"},\"inLanguage\":\"nl-NL\",\"potentialAction\":[{\"@type\":\"ReadAction\",\"target\":[\"https:\/\/capelle.ratiodesign.dev\/welzijn\/nieuws\/koninklijk-borduren\/\"]}]},{\"@type\":\"ImageObject\",\"inLanguage\":\"nl-NL\",\"@id\":\"https:\/\/capelle.ratiodesign.dev\/welzijn\/nieuws\/koninklijk-borduren\/#primaryimage\",\"url\":\"https:\/\/capelle.ratiodesign.dev\/welzijn\/wp-content\/uploads\/sites\/9\/2023\/04\/Borduurgroep-en-Maxima_foto_Maarten_Schuth_iov_TextielMuseum.jpg\",\"contentUrl\":\"https:\/\/capelle.ratiodesign.dev\/welzijn\/wp-content\/uploads\/sites\/9\/2023\/04\/Borduurgroep-en-Maxima_foto_Maarten_Schuth_iov_TextielMuseum.jpg\",\"width\":899,\"height\":600},{\"@type\":\"BreadcrumbList\",\"@id\":\"https:\/\/capelle.ratiodesign.dev\/welzijn\/nieuws\/koninklijk-borduren\/#breadcrumb\",\"itemListElement\":[{\"@type\":\"ListItem\",\"position\":1,\"name\":\"Home\",\"item\":\"https:\/\/capelle.ratiodesign.dev\/welzijn\/\"},{\"@type\":\"ListItem\",\"position\":2,\"name\":\"Koninklijk borduren\"}]},{\"@type\":\"WebSite\",\"@id\":\"https:\/\/capelle.ratiodesign.dev\/welzijn\/#website\",\"url\":\"https:\/\/capelle.ratiodesign.dev\/welzijn\/\",\"name\":\"Welzijn Capelle\",\"description\":\"\",\"publisher\":{\"@id\":\"https:\/\/capelle.ratiodesign.dev\/welzijn\/#organization\"},\"potentialAction\":[{\"@type\":\"SearchAction\",\"target\":{\"@type\":\"EntryPoint\",\"urlTemplate\":\"https:\/\/capelle.ratiodesign.dev\/welzijn\/?s={search_term_string}\"},\"query-input\":{\"@type\":\"PropertyValueSpecification\",\"valueRequired\":true,\"valueName\":\"search_term_string\"}}],\"inLanguage\":\"nl-NL\"},{\"@type\":\"Organization\",\"@id\":\"https:\/\/capelle.ratiodesign.dev\/welzijn\/#organization\",\"name\":\"Welzijn Capelle\",\"url\":\"https:\/\/capelle.ratiodesign.dev\/welzijn\/\",\"logo\":{\"@type\":\"ImageObject\",\"inLanguage\":\"nl-NL\",\"@id\":\"https:\/\/capelle.ratiodesign.dev\/welzijn\/#\/schema\/logo\/image\/\",\"url\":\"https:\/\/capelle.ratiodesign.dev\/welzijn\/wp-content\/uploads\/sites\/9\/2022\/12\/logo.svg\",\"contentUrl\":\"https:\/\/capelle.ratiodesign.dev\/welzijn\/wp-content\/uploads\/sites\/9\/2022\/12\/logo.svg\",\"width\":1,\"height\":1,\"caption\":\"Welzijn Capelle\"},\"image\":{\"@id\":\"https:\/\/capelle.ratiodesign.dev\/welzijn\/#\/schema\/logo\/image\/\"}},{\"@type\":\"Person\",\"@id\":\"https:\/\/capelle.ratiodesign.dev\/welzijn\/#\/schema\/person\/fb4ce06452f744ff6b772cb7720e69db\",\"name\":\"admin\",\"image\":{\"@type\":\"ImageObject\",\"inLanguage\":\"nl-NL\",\"@id\":\"https:\/\/capelle.ratiodesign.dev\/welzijn\/#\/schema\/person\/image\/\",\"url\":\"https:\/\/secure.gravatar.com\/avatar\/11bf15cdc3f62ea656bbe95063e2c55fd83c3f9c373f93bbd5692994da015c2b?s=96&d=mm&r=g\",\"contentUrl\":\"https:\/\/secure.gravatar.com\/avatar\/11bf15cdc3f62ea656bbe95063e2c55fd83c3f9c373f93bbd5692994da015c2b?s=96&d=mm&r=g\",\"caption\":\"admin\"},\"url\":\"https:\/\/capelle.ratiodesign.dev\/welzijn\/nieuws\/author\/admin\/\"}]}<\/script>\n<!-- \/ Yoast SEO plugin. -->","yoast_head_json":{"title":"Koninklijk borduren - Welzijn Capelle","description":"Voor vrouwen in Capelle aan den IJssel die te maken hebben (gehad) met huiselijk geweld, heeft Welzijn Capelle de training \u2018Krachtige Vrouwen\u2019.","robots":{"index":"index","follow":"follow","max-snippet":"max-snippet:-1","max-image-preview":"max-image-preview:large","max-video-preview":"max-video-preview:-1"},"canonical":"https:\/\/capelle.ratiodesign.dev\/welzijn\/nieuws\/koninklijk-borduren\/","og_locale":"nl_NL","og_type":"article","og_title":"Koninklijk borduren - Welzijn Capelle","og_description":"Voor vrouwen in Capelle aan den IJssel die te maken hebben (gehad) met huiselijk geweld, heeft Welzijn Capelle de training \u2018Krachtige Vrouwen\u2019.","og_url":"https:\/\/capelle.ratiodesign.dev\/welzijn\/nieuws\/koninklijk-borduren\/","og_site_name":"Welzijn Capelle","article_published_time":"2023-04-03T10:32:32+00:00","article_modified_time":"2023-04-12T13:38:25+00:00","og_image":[{"width":899,"height":600,"url":"https:\/\/capelle.ratiodesign.dev\/welzijn\/wp-content\/uploads\/sites\/9\/2023\/04\/Borduurgroep-en-Maxima_foto_Maarten_Schuth_iov_TextielMuseum.jpg","type":"image\/jpeg"}],"author":"admin","twitter_card":"summary_large_image","twitter_misc":{"Geschreven door":"admin","Geschatte leestijd":"3 minuten"},"schema":{"@context":"https:\/\/schema.org","@graph":[{"@type":"Article","@id":"https:\/\/capelle.ratiodesign.dev\/welzijn\/nieuws\/koninklijk-borduren\/#article","isPartOf":{"@id":"https:\/\/capelle.ratiodesign.dev\/welzijn\/nieuws\/koninklijk-borduren\/"},"author":{"name":"admin","@id":"https:\/\/capelle.ratiodesign.dev\/welzijn\/#\/schema\/person\/fb4ce06452f744ff6b772cb7720e69db"},"headline":"Koninklijk borduren","datePublished":"2023-04-03T10:32:32+00:00","dateModified":"2023-04-12T13:38:25+00:00","mainEntityOfPage":{"@id":"https:\/\/capelle.ratiodesign.dev\/welzijn\/nieuws\/koninklijk-borduren\/"},"wordCount":555,"publisher":{"@id":"https:\/\/capelle.ratiodesign.dev\/welzijn\/#organization"},"image":{"@id":"https:\/\/capelle.ratiodesign.dev\/welzijn\/nieuws\/koninklijk-borduren\/#primaryimage"},"thumbnailUrl":"https:\/\/capelle.ratiodesign.dev\/welzijn\/wp-content\/uploads\/sites\/9\/2023\/04\/Borduurgroep-en-Maxima_foto_Maarten_Schuth_iov_TextielMuseum.jpg","articleSection":["Verhalen"],"inLanguage":"nl-NL"},{"@type":"WebPage","@id":"https:\/\/capelle.ratiodesign.dev\/welzijn\/nieuws\/koninklijk-borduren\/","url":"https:\/\/capelle.ratiodesign.dev\/welzijn\/nieuws\/koninklijk-borduren\/","name":"Koninklijk borduren - Welzijn Capelle","isPartOf":{"@id":"https:\/\/capelle.ratiodesign.dev\/welzijn\/#website"},"primaryImageOfPage":{"@id":"https:\/\/capelle.ratiodesign.dev\/welzijn\/nieuws\/koninklijk-borduren\/#primaryimage"},"image":{"@id":"https:\/\/capelle.ratiodesign.dev\/welzijn\/nieuws\/koninklijk-borduren\/#primaryimage"},"thumbnailUrl":"https:\/\/capelle.ratiodesign.dev\/welzijn\/wp-content\/uploads\/sites\/9\/2023\/04\/Borduurgroep-en-Maxima_foto_Maarten_Schuth_iov_TextielMuseum.jpg","datePublished":"2023-04-03T10:32:32+00:00","dateModified":"2023-04-12T13:38:25+00:00","description":"Voor vrouwen in Capelle aan den IJssel die te maken hebben (gehad) met huiselijk geweld, heeft Welzijn Capelle de training \u2018Krachtige Vrouwen\u2019.","breadcrumb":{"@id":"https:\/\/capelle.ratiodesign.dev\/welzijn\/nieuws\/koninklijk-borduren\/#breadcrumb"},"inLanguage":"nl-NL","potentialAction":[{"@type":"ReadAction","target":["https:\/\/capelle.ratiodesign.dev\/welzijn\/nieuws\/koninklijk-borduren\/"]}]},{"@type":"ImageObject","inLanguage":"nl-NL","@id":"https:\/\/capelle.ratiodesign.dev\/welzijn\/nieuws\/koninklijk-borduren\/#primaryimage","url":"https:\/\/capelle.ratiodesign.dev\/welzijn\/wp-content\/uploads\/sites\/9\/2023\/04\/Borduurgroep-en-Maxima_foto_Maarten_Schuth_iov_TextielMuseum.jpg","contentUrl":"https:\/\/capelle.ratiodesign.dev\/welzijn\/wp-content\/uploads\/sites\/9\/2023\/04\/Borduurgroep-en-Maxima_foto_Maarten_Schuth_iov_TextielMuseum.jpg","width":899,"height":600},{"@type":"BreadcrumbList","@id":"https:\/\/capelle.ratiodesign.dev\/welzijn\/nieuws\/koninklijk-borduren\/#breadcrumb","itemListElement":[{"@type":"ListItem","position":1,"name":"Home","item":"https:\/\/capelle.ratiodesign.dev\/welzijn\/"},{"@type":"ListItem","position":2,"name":"Koninklijk borduren"}]},{"@type":"WebSite","@id":"https:\/\/capelle.ratiodesign.dev\/welzijn\/#website","url":"https:\/\/capelle.ratiodesign.dev\/welzijn\/","name":"Welzijn Capelle","description":"","publisher":{"@id":"https:\/\/capelle.ratiodesign.dev\/welzijn\/#organization"},"potentialAction":[{"@type":"SearchAction","target":{"@type":"EntryPoint","urlTemplate":"https:\/\/capelle.ratiodesign.dev\/welzijn\/?s={search_term_string}"},"query-input":{"@type":"PropertyValueSpecification","valueRequired":true,"valueName":"search_term_string"}}],"inLanguage":"nl-NL"},{"@type":"Organization","@id":"https:\/\/capelle.ratiodesign.dev\/welzijn\/#organization","name":"Welzijn Capelle","url":"https:\/\/capelle.ratiodesign.dev\/welzijn\/","logo":{"@type":"ImageObject","inLanguage":"nl-NL","@id":"https:\/\/capelle.ratiodesign.dev\/welzijn\/#\/schema\/logo\/image\/","url":"https:\/\/capelle.ratiodesign.dev\/welzijn\/wp-content\/uploads\/sites\/9\/2022\/12\/logo.svg","contentUrl":"https:\/\/capelle.ratiodesign.dev\/welzijn\/wp-content\/uploads\/sites\/9\/2022\/12\/logo.svg","width":1,"height":1,"caption":"Welzijn Capelle"},"image":{"@id":"https:\/\/capelle.ratiodesign.dev\/welzijn\/#\/schema\/logo\/image\/"}},{"@type":"Person","@id":"https:\/\/capelle.ratiodesign.dev\/welzijn\/#\/schema\/person\/fb4ce06452f744ff6b772cb7720e69db","name":"admin","image":{"@type":"ImageObject","inLanguage":"nl-NL","@id":"https:\/\/capelle.ratiodesign.dev\/welzijn\/#\/schema\/person\/image\/","url":"https:\/\/secure.gravatar.com\/avatar\/11bf15cdc3f62ea656bbe95063e2c55fd83c3f9c373f93bbd5692994da015c2b?s=96&d=mm&r=g","contentUrl":"https:\/\/secure.gravatar.com\/avatar\/11bf15cdc3f62ea656bbe95063e2c55fd83c3f9c373f93bbd5692994da015c2b?s=96&d=mm&r=g","caption":"admin"},"url":"https:\/\/capelle.ratiodesign.dev\/welzijn\/nieuws\/author\/admin\/"}]}},"_links":{"self":[{"href":"https:\/\/capelle.ratiodesign.dev\/welzijn\/wp-json\/wp\/v2\/posts\/2212","targetHints":{"allow":["GET"]}}],"collection":[{"href":"https:\/\/capelle.ratiodesign.dev\/welzijn\/wp-json\/wp\/v2\/posts"}],"about":[{"href":"https:\/\/capelle.ratiodesign.dev\/welzijn\/wp-json\/wp\/v2\/types\/post"}],"author":[{"embeddable":true,"href":"https:\/\/capelle.ratiodesign.dev\/welzijn\/wp-json\/wp\/v2\/users\/1"}],"replies":[{"embeddable":true,"href":"https:\/\/capelle.ratiodesign.dev\/welzijn\/wp-json\/wp\/v2\/comments?post=2212"}],"version-history":[{"count":4,"href":"https:\/\/capelle.ratiodesign.dev\/welzijn\/wp-json\/wp\/v2\/posts\/2212\/revisions"}],"predecessor-version":[{"id":2543,"href":"https:\/\/capelle.ratiodesign.dev\/welzijn\/wp-json\/wp\/v2\/posts\/2212\/revisions\/2543"}],"wp:featuredmedia":[{"embeddable":true,"href":"https:\/\/capelle.ratiodesign.dev\/welzijn\/wp-json\/wp\/v2\/media\/2213"}],"wp:attachment":[{"href":"https:\/\/capelle.ratiodesign.dev\/welzijn\/wp-json\/wp\/v2\/media?parent=2212"}],"wp:term":[{"taxonomy":"category","embeddable":true,"href":"https:\/\/capelle.ratiodesign.dev\/welzijn\/wp-json\/wp\/v2\/categories?post=2212"},{"taxonomy":"post_tag","embeddable":true,"href":"https:\/\/capelle.ratiodesign.dev\/welzijn\/wp-json\/wp\/v2\/tags?post=2212"},{"taxonomy":"age","embeddable":true,"href":"https:\/\/capelle.ratiodesign.dev\/welzijn\/wp-json\/wp\/v2\/age?post=2212"},{"taxonomy":"area","embeddable":true,"href":"https:\/\/capelle.ratiodesign.dev\/welzijn\/wp-json\/wp\/v2\/area?post=2212"},{"taxonomy":"theme","embeddable":true,"href":"https:\/\/capelle.ratiodesign.dev\/welzijn\/wp-json\/wp\/v2\/theme?post=2212"}],"curies":[{"name":"wp","href":"https:\/\/api.w.org\/{rel}","templated":true}]}}