{"id":1601,"date":"2023-03-22T16:22:55","date_gmt":"2023-03-22T16:22:55","guid":{"rendered":"https:\/\/capelle.ratiodesign.dev\/welzijn\/?p=1601"},"modified":"2023-03-30T16:00:23","modified_gmt":"2023-03-30T16:00:23","slug":"nldoet-welzijn-capelle-aan-de-slag","status":"publish","type":"post","link":"https:\/\/capelle.ratiodesign.dev\/welzijn\/nieuws\/nldoet-welzijn-capelle-aan-de-slag\/","title":{"rendered":"NLDOET: Welzijn Capelle aan de slag"},"content":{"rendered":"\n<div class=\"wp-block-group is-layout-constrained wp-block-group-is-layout-constrained\" style=\"padding-top:var(--wp--preset--spacing--5);padding-bottom:var(--wp--preset--spacing--5)\">\n<h1 class=\"wp-block-heading\">NLdoet: Welzijn Capelle en partners aan de slag<\/h1>\n\n\n\n<p class=\"has-blue-color has-text-color has-medium-font-size\">Vrijwilligers zijn overal hard nodig. Op NLdoet (dit jaar op 10 en 11 maart) kan iedereen die dat wil, helpen bij een vrijwilligersklus. Een team van Welzijn Capelle deed dat bij de Voedselbank, zorginstelling De Roo en verpleeghuis de Rozenburcht. Manager Mariska Vos-Brands en directeur van Welzijn Capelle Hans Roskam hielpen enthousiast mee.<\/p>\n\n\n\n<div class=\"wp-block-columns is-layout-flex wp-container-core-columns-is-layout-28f84493 wp-block-columns-is-layout-flex\">\n<div class=\"wp-block-column is-layout-flow wp-block-column-is-layout-flow\">\n<div class=\"wp-block-group is-layout-constrained wp-block-group-is-layout-constrained\">\n<p>Ook bij woonlocatie de Bazuin en zorginstelling Bermensteyn zetten het Welzijn Capelle-team zich in. Bij Huis van de Wijk Schollevaar hielpen ze bij een bingoavond voor Oekra\u00efense vluchtelingen. Voor de Voedselbank gingen de vrijwilligers aan de slag met voedselpakketten. Bij de andere locaties klusten ze in de siertuin of moestuin en vulden ze bloembakken met voorjaarsbollen.<\/p>\n\n\n\n<p class=\"has-blue-color has-text-color has-link-color wp-elements-0e9f3b0fb24925677e421a41aea33da6\" style=\"margin-bottom:0\"><strong><strong>Met partners<\/strong>\u00a0<\/strong><\/p>\n\n\n\n<p class=\"has-link-color has-normal-font-size wp-elements-2572b2a1c220db2a97134148f5f3d323\" style=\"margin-top:0;margin-right:0;margin-bottom:var(--wp--preset--spacing--2-5);margin-left:0;padding-top:0;padding-right:0;padding-bottom:0;padding-left:0\">Een medewerker van een van de zorginstellingen: \u2018W\u00e1t een werk is er verzet door al deze enthousiaste vrijwilligers, geweldig!\u2019 Van Welzijn Capelle deden medewerkers en vrijwilligers mee op de NLdoet-dagen. Ook medewerkers van partners waren van de partij, zoals MOTTO\/Samen010, JG Projecten en IJsselgemeenten.<\/p>\n<\/div>\n<\/div>\n\n\n\n<div class=\"wp-block-column is-layout-flow wp-block-column-is-layout-flow\"><figure class=\"wp-block-post-featured-image\"><img loading=\"lazy\" decoding=\"async\" width=\"824\" height=\"599\" src=\"https:\/\/capelle.ratiodesign.dev\/welzijn\/wp-content\/uploads\/sites\/9\/2023\/03\/2303013-NLdoet.jpg\" class=\"attachment-post-thumbnail size-post-thumbnail wp-post-image\" alt=\"\" style=\"object-fit:cover;\" srcset=\"https:\/\/capelle.ratiodesign.dev\/welzijn\/wp-content\/uploads\/sites\/9\/2023\/03\/2303013-NLdoet.jpg 824w, https:\/\/capelle.ratiodesign.dev\/welzijn\/wp-content\/uploads\/sites\/9\/2023\/03\/2303013-NLdoet-300x218.jpg 300w\" sizes=\"auto, (max-width: 824px) 100vw, 824px\" \/><\/figure><\/div>\n<\/div>\n\n\n\n<p><\/p>\n\n\n\n<p class=\"has-blue-color has-text-color has-link-color wp-elements-62dc8b35fbca102f57aa942c4c2eb6d5\" style=\"margin-bottom:0\"><strong><strong>CapelleDoet<\/strong>\u00a0<\/strong><\/p>\n\n\n\n<p class=\"has-link-color has-normal-font-size wp-elements-e62b95b86e622968e2aabcc38c926d72\" style=\"margin-top:0;margin-right:0;margin-bottom:var(--wp--preset--spacing--2-5);margin-left:0;padding-top:0;padding-right:0;padding-bottom:0;padding-left:0\">Hans Roskam, directeur Welzijn Capelle: \u2018Hartstikke leuk dat wij van Welzijn Capelle \u00e9n een aantal van onze partners deze twee dagen konden helpen op deze belangrijke plekken in Capelle. En NLdoet doet het \u00e9\u00e9n keer per jaar, maar CapelleDoet doet \u2019t natuurlijk het hele jaar door! Op de vrijwilligersvacaturebank van CapelleDoet kan iedereen die wil helpen leuk vrijwilligerswerk vinden. Voor elke week, of voor af en toe. Neem \u2019s een kijkje!\u2019<\/p>\n\n\n\n<p class=\"has-blue-color has-text-color has-link-color wp-elements-823e8f146b21b509ce6e780dec4aba4c\" style=\"margin-bottom:0\"><strong><strong>Vrijwilligerswerk vinden<\/strong>\u00a0<\/strong><\/p>\n\n\n\n<p class=\"has-link-color has-normal-font-size wp-elements-624d56ada73cc1c851d912d046279d7f\" style=\"margin-top:0;margin-right:0;margin-bottom:var(--wp--preset--spacing--2-5);margin-left:0;padding-top:0;padding-right:0;padding-bottom:0;padding-left:0\">Capellenaren die iets voor hun stad of mede-Capellenaren willen doen, kunnen ook een afspraak maken met Monica, de vrijwilligersmakelaar van CapelleDoet. Voor advies of om samen te kijken wat past. Contact opnemen kan via vip@welzijncapelle.nu of 010 &#8211; 264 02 20.<\/p>\n\n\n\n<p><em>Volgend jaar ook helpen bij een vrijwilligersklus op NLdoet, of als organisatie hulp vragen bij een klus? Dat kan via <a href=\"http:\/\/www.nldoet.nl\" target=\"_blank\" rel=\"noreferrer noopener\">www.nldoet.nl<\/a>. In 2024 is NLdoet op 8 en 9 maart<\/em>.<\/p>\n\n\n\n<p class=\"has-blue-color has-text-color has-link-color wp-elements-a8941e1d3ee8a98445bf9bd3fe1d4f4f\" style=\"margin-bottom:0\"><\/p>\n<\/div>\n","protected":false},"excerpt":{"rendered":"<p>Op NLdoet kan iedereen helpen bij een vrijwilligersklus. Welzijn Capelle deed dat bij de Voedselbank, zorginstelling De Roo en verpleeghuis de Rozenburcht. <\/p>\n","protected":false},"author":1,"featured_media":1605,"comment_status":"closed","ping_status":"open","sticky":false,"template":"","format":"standard","meta":{"footnotes":""},"categories":[],"tags":[],"age":[],"area":[],"theme":[41],"class_list":["post-1601","post","type-post","status-publish","format-standard","has-post-thumbnail","hentry","theme-ondersteuning-advies"],"yoast_head":"<!-- This site is optimized with the Yoast SEO plugin v23.5 - https:\/\/yoast.com\/wordpress\/plugins\/seo\/ -->\n<title>NLDOET: Welzijn Capelle aan de slag - Welzijn Capelle<\/title>\n<meta name=\"description\" content=\"Voor vrouwen in Capelle aan den IJssel die te maken hebben (gehad) met huiselijk geweld, heeft Welzijn Capelle de training \u2018Krachtige Vrouwen\u2019.\" \/>\n<meta name=\"robots\" content=\"index, follow, max-snippet:-1, max-image-preview:large, max-video-preview:-1\" \/>\n<link rel=\"canonical\" href=\"https:\/\/capelle.ratiodesign.dev\/welzijn\/nieuws\/nldoet-welzijn-capelle-aan-de-slag\/\" \/>\n<meta property=\"og:locale\" content=\"nl_NL\" \/>\n<meta property=\"og:type\" content=\"article\" \/>\n<meta property=\"og:title\" content=\"NLDOET: Welzijn Capelle aan de slag - Welzijn Capelle\" \/>\n<meta property=\"og:description\" content=\"Voor vrouwen in Capelle aan den IJssel die te maken hebben (gehad) met huiselijk geweld, heeft Welzijn Capelle de training \u2018Krachtige Vrouwen\u2019.\" \/>\n<meta property=\"og:url\" content=\"https:\/\/capelle.ratiodesign.dev\/welzijn\/nieuws\/nldoet-welzijn-capelle-aan-de-slag\/\" \/>\n<meta property=\"og:site_name\" content=\"Welzijn Capelle\" \/>\n<meta property=\"article:published_time\" content=\"2023-03-22T16:22:55+00:00\" \/>\n<meta property=\"article:modified_time\" content=\"2023-03-30T16:00:23+00:00\" \/>\n<meta property=\"og:image\" content=\"https:\/\/capelle.ratiodesign.dev\/welzijn\/wp-content\/uploads\/sites\/9\/2023\/03\/2303013-NLdoet.jpg\" \/>\n\t<meta property=\"og:image:width\" content=\"824\" \/>\n\t<meta property=\"og:image:height\" content=\"599\" \/>\n\t<meta property=\"og:image:type\" content=\"image\/jpeg\" \/>\n<meta name=\"author\" content=\"admin\" \/>\n<meta name=\"twitter:card\" content=\"summary_large_image\" \/>\n<meta name=\"twitter:label1\" content=\"Geschreven door\" \/>\n\t<meta name=\"twitter:data1\" content=\"admin\" \/>\n\t<meta name=\"twitter:label2\" content=\"Geschatte leestijd\" \/>\n\t<meta name=\"twitter:data2\" content=\"2 minuten\" \/>\n<script type=\"application\/ld+json\" class=\"yoast-schema-graph\">{\"@context\":\"https:\/\/schema.org\",\"@graph\":[{\"@type\":\"Article\",\"@id\":\"https:\/\/capelle.ratiodesign.dev\/welzijn\/nieuws\/nldoet-welzijn-capelle-aan-de-slag\/#article\",\"isPartOf\":{\"@id\":\"https:\/\/capelle.ratiodesign.dev\/welzijn\/nieuws\/nldoet-welzijn-capelle-aan-de-slag\/\"},\"author\":{\"name\":\"admin\",\"@id\":\"https:\/\/capelle.ratiodesign.dev\/welzijn\/#\/schema\/person\/fb4ce06452f744ff6b772cb7720e69db\"},\"headline\":\"NLDOET: Welzijn Capelle aan de slag\",\"datePublished\":\"2023-03-22T16:22:55+00:00\",\"dateModified\":\"2023-03-30T16:00:23+00:00\",\"mainEntityOfPage\":{\"@id\":\"https:\/\/capelle.ratiodesign.dev\/welzijn\/nieuws\/nldoet-welzijn-capelle-aan-de-slag\/\"},\"wordCount\":312,\"publisher\":{\"@id\":\"https:\/\/capelle.ratiodesign.dev\/welzijn\/#organization\"},\"image\":{\"@id\":\"https:\/\/capelle.ratiodesign.dev\/welzijn\/nieuws\/nldoet-welzijn-capelle-aan-de-slag\/#primaryimage\"},\"thumbnailUrl\":\"https:\/\/capelle.ratiodesign.dev\/welzijn\/wp-content\/uploads\/sites\/9\/2023\/03\/2303013-NLdoet.jpg\",\"inLanguage\":\"nl-NL\"},{\"@type\":\"WebPage\",\"@id\":\"https:\/\/capelle.ratiodesign.dev\/welzijn\/nieuws\/nldoet-welzijn-capelle-aan-de-slag\/\",\"url\":\"https:\/\/capelle.ratiodesign.dev\/welzijn\/nieuws\/nldoet-welzijn-capelle-aan-de-slag\/\",\"name\":\"NLDOET: Welzijn Capelle aan de slag - Welzijn Capelle\",\"isPartOf\":{\"@id\":\"https:\/\/capelle.ratiodesign.dev\/welzijn\/#website\"},\"primaryImageOfPage\":{\"@id\":\"https:\/\/capelle.ratiodesign.dev\/welzijn\/nieuws\/nldoet-welzijn-capelle-aan-de-slag\/#primaryimage\"},\"image\":{\"@id\":\"https:\/\/capelle.ratiodesign.dev\/welzijn\/nieuws\/nldoet-welzijn-capelle-aan-de-slag\/#primaryimage\"},\"thumbnailUrl\":\"https:\/\/capelle.ratiodesign.dev\/welzijn\/wp-content\/uploads\/sites\/9\/2023\/03\/2303013-NLdoet.jpg\",\"datePublished\":\"2023-03-22T16:22:55+00:00\",\"dateModified\":\"2023-03-30T16:00:23+00:00\",\"description\":\"Voor vrouwen in Capelle aan den IJssel die te maken hebben (gehad) met huiselijk geweld, heeft Welzijn Capelle de training \u2018Krachtige Vrouwen\u2019.\",\"breadcrumb\":{\"@id\":\"https:\/\/capelle.ratiodesign.dev\/welzijn\/nieuws\/nldoet-welzijn-capelle-aan-de-slag\/#breadcrumb\"},\"inLanguage\":\"nl-NL\",\"potentialAction\":[{\"@type\":\"ReadAction\",\"target\":[\"https:\/\/capelle.ratiodesign.dev\/welzijn\/nieuws\/nldoet-welzijn-capelle-aan-de-slag\/\"]}]},{\"@type\":\"ImageObject\",\"inLanguage\":\"nl-NL\",\"@id\":\"https:\/\/capelle.ratiodesign.dev\/welzijn\/nieuws\/nldoet-welzijn-capelle-aan-de-slag\/#primaryimage\",\"url\":\"https:\/\/capelle.ratiodesign.dev\/welzijn\/wp-content\/uploads\/sites\/9\/2023\/03\/2303013-NLdoet.jpg\",\"contentUrl\":\"https:\/\/capelle.ratiodesign.dev\/welzijn\/wp-content\/uploads\/sites\/9\/2023\/03\/2303013-NLdoet.jpg\",\"width\":824,\"height\":599},{\"@type\":\"BreadcrumbList\",\"@id\":\"https:\/\/capelle.ratiodesign.dev\/welzijn\/nieuws\/nldoet-welzijn-capelle-aan-de-slag\/#breadcrumb\",\"itemListElement\":[{\"@type\":\"ListItem\",\"position\":1,\"name\":\"Home\",\"item\":\"https:\/\/capelle.ratiodesign.dev\/welzijn\/\"},{\"@type\":\"ListItem\",\"position\":2,\"name\":\"NLDOET: Welzijn Capelle aan de slag\"}]},{\"@type\":\"WebSite\",\"@id\":\"https:\/\/capelle.ratiodesign.dev\/welzijn\/#website\",\"url\":\"https:\/\/capelle.ratiodesign.dev\/welzijn\/\",\"name\":\"Welzijn Capelle\",\"description\":\"\",\"publisher\":{\"@id\":\"https:\/\/capelle.ratiodesign.dev\/welzijn\/#organization\"},\"potentialAction\":[{\"@type\":\"SearchAction\",\"target\":{\"@type\":\"EntryPoint\",\"urlTemplate\":\"https:\/\/capelle.ratiodesign.dev\/welzijn\/?s={search_term_string}\"},\"query-input\":{\"@type\":\"PropertyValueSpecification\",\"valueRequired\":true,\"valueName\":\"search_term_string\"}}],\"inLanguage\":\"nl-NL\"},{\"@type\":\"Organization\",\"@id\":\"https:\/\/capelle.ratiodesign.dev\/welzijn\/#organization\",\"name\":\"Welzijn Capelle\",\"url\":\"https:\/\/capelle.ratiodesign.dev\/welzijn\/\",\"logo\":{\"@type\":\"ImageObject\",\"inLanguage\":\"nl-NL\",\"@id\":\"https:\/\/capelle.ratiodesign.dev\/welzijn\/#\/schema\/logo\/image\/\",\"url\":\"https:\/\/capelle.ratiodesign.dev\/welzijn\/wp-content\/uploads\/sites\/9\/2022\/12\/logo.svg\",\"contentUrl\":\"https:\/\/capelle.ratiodesign.dev\/welzijn\/wp-content\/uploads\/sites\/9\/2022\/12\/logo.svg\",\"width\":1,\"height\":1,\"caption\":\"Welzijn Capelle\"},\"image\":{\"@id\":\"https:\/\/capelle.ratiodesign.dev\/welzijn\/#\/schema\/logo\/image\/\"}},{\"@type\":\"Person\",\"@id\":\"https:\/\/capelle.ratiodesign.dev\/welzijn\/#\/schema\/person\/fb4ce06452f744ff6b772cb7720e69db\",\"name\":\"admin\",\"image\":{\"@type\":\"ImageObject\",\"inLanguage\":\"nl-NL\",\"@id\":\"https:\/\/capelle.ratiodesign.dev\/welzijn\/#\/schema\/person\/image\/\",\"url\":\"https:\/\/secure.gravatar.com\/avatar\/11bf15cdc3f62ea656bbe95063e2c55fd83c3f9c373f93bbd5692994da015c2b?s=96&d=mm&r=g\",\"contentUrl\":\"https:\/\/secure.gravatar.com\/avatar\/11bf15cdc3f62ea656bbe95063e2c55fd83c3f9c373f93bbd5692994da015c2b?s=96&d=mm&r=g\",\"caption\":\"admin\"},\"url\":\"https:\/\/capelle.ratiodesign.dev\/welzijn\/nieuws\/author\/admin\/\"}]}<\/script>\n<!-- \/ Yoast SEO plugin. -->","yoast_head_json":{"title":"NLDOET: Welzijn Capelle aan de slag - Welzijn Capelle","description":"Voor vrouwen in Capelle aan den IJssel die te maken hebben (gehad) met huiselijk geweld, heeft Welzijn Capelle de training \u2018Krachtige Vrouwen\u2019.","robots":{"index":"index","follow":"follow","max-snippet":"max-snippet:-1","max-image-preview":"max-image-preview:large","max-video-preview":"max-video-preview:-1"},"canonical":"https:\/\/capelle.ratiodesign.dev\/welzijn\/nieuws\/nldoet-welzijn-capelle-aan-de-slag\/","og_locale":"nl_NL","og_type":"article","og_title":"NLDOET: Welzijn Capelle aan de slag - Welzijn Capelle","og_description":"Voor vrouwen in Capelle aan den IJssel die te maken hebben (gehad) met huiselijk geweld, heeft Welzijn Capelle de training \u2018Krachtige Vrouwen\u2019.","og_url":"https:\/\/capelle.ratiodesign.dev\/welzijn\/nieuws\/nldoet-welzijn-capelle-aan-de-slag\/","og_site_name":"Welzijn Capelle","article_published_time":"2023-03-22T16:22:55+00:00","article_modified_time":"2023-03-30T16:00:23+00:00","og_image":[{"width":824,"height":599,"url":"https:\/\/capelle.ratiodesign.dev\/welzijn\/wp-content\/uploads\/sites\/9\/2023\/03\/2303013-NLdoet.jpg","type":"image\/jpeg"}],"author":"admin","twitter_card":"summary_large_image","twitter_misc":{"Geschreven door":"admin","Geschatte leestijd":"2 minuten"},"schema":{"@context":"https:\/\/schema.org","@graph":[{"@type":"Article","@id":"https:\/\/capelle.ratiodesign.dev\/welzijn\/nieuws\/nldoet-welzijn-capelle-aan-de-slag\/#article","isPartOf":{"@id":"https:\/\/capelle.ratiodesign.dev\/welzijn\/nieuws\/nldoet-welzijn-capelle-aan-de-slag\/"},"author":{"name":"admin","@id":"https:\/\/capelle.ratiodesign.dev\/welzijn\/#\/schema\/person\/fb4ce06452f744ff6b772cb7720e69db"},"headline":"NLDOET: Welzijn Capelle aan de slag","datePublished":"2023-03-22T16:22:55+00:00","dateModified":"2023-03-30T16:00:23+00:00","mainEntityOfPage":{"@id":"https:\/\/capelle.ratiodesign.dev\/welzijn\/nieuws\/nldoet-welzijn-capelle-aan-de-slag\/"},"wordCount":312,"publisher":{"@id":"https:\/\/capelle.ratiodesign.dev\/welzijn\/#organization"},"image":{"@id":"https:\/\/capelle.ratiodesign.dev\/welzijn\/nieuws\/nldoet-welzijn-capelle-aan-de-slag\/#primaryimage"},"thumbnailUrl":"https:\/\/capelle.ratiodesign.dev\/welzijn\/wp-content\/uploads\/sites\/9\/2023\/03\/2303013-NLdoet.jpg","inLanguage":"nl-NL"},{"@type":"WebPage","@id":"https:\/\/capelle.ratiodesign.dev\/welzijn\/nieuws\/nldoet-welzijn-capelle-aan-de-slag\/","url":"https:\/\/capelle.ratiodesign.dev\/welzijn\/nieuws\/nldoet-welzijn-capelle-aan-de-slag\/","name":"NLDOET: Welzijn Capelle aan de slag - Welzijn Capelle","isPartOf":{"@id":"https:\/\/capelle.ratiodesign.dev\/welzijn\/#website"},"primaryImageOfPage":{"@id":"https:\/\/capelle.ratiodesign.dev\/welzijn\/nieuws\/nldoet-welzijn-capelle-aan-de-slag\/#primaryimage"},"image":{"@id":"https:\/\/capelle.ratiodesign.dev\/welzijn\/nieuws\/nldoet-welzijn-capelle-aan-de-slag\/#primaryimage"},"thumbnailUrl":"https:\/\/capelle.ratiodesign.dev\/welzijn\/wp-content\/uploads\/sites\/9\/2023\/03\/2303013-NLdoet.jpg","datePublished":"2023-03-22T16:22:55+00:00","dateModified":"2023-03-30T16:00:23+00:00","description":"Voor vrouwen in Capelle aan den IJssel die te maken hebben (gehad) met huiselijk geweld, heeft Welzijn Capelle de training \u2018Krachtige Vrouwen\u2019.","breadcrumb":{"@id":"https:\/\/capelle.ratiodesign.dev\/welzijn\/nieuws\/nldoet-welzijn-capelle-aan-de-slag\/#breadcrumb"},"inLanguage":"nl-NL","potentialAction":[{"@type":"ReadAction","target":["https:\/\/capelle.ratiodesign.dev\/welzijn\/nieuws\/nldoet-welzijn-capelle-aan-de-slag\/"]}]},{"@type":"ImageObject","inLanguage":"nl-NL","@id":"https:\/\/capelle.ratiodesign.dev\/welzijn\/nieuws\/nldoet-welzijn-capelle-aan-de-slag\/#primaryimage","url":"https:\/\/capelle.ratiodesign.dev\/welzijn\/wp-content\/uploads\/sites\/9\/2023\/03\/2303013-NLdoet.jpg","contentUrl":"https:\/\/capelle.ratiodesign.dev\/welzijn\/wp-content\/uploads\/sites\/9\/2023\/03\/2303013-NLdoet.jpg","width":824,"height":599},{"@type":"BreadcrumbList","@id":"https:\/\/capelle.ratiodesign.dev\/welzijn\/nieuws\/nldoet-welzijn-capelle-aan-de-slag\/#breadcrumb","itemListElement":[{"@type":"ListItem","position":1,"name":"Home","item":"https:\/\/capelle.ratiodesign.dev\/welzijn\/"},{"@type":"ListItem","position":2,"name":"NLDOET: Welzijn Capelle aan de slag"}]},{"@type":"WebSite","@id":"https:\/\/capelle.ratiodesign.dev\/welzijn\/#website","url":"https:\/\/capelle.ratiodesign.dev\/welzijn\/","name":"Welzijn Capelle","description":"","publisher":{"@id":"https:\/\/capelle.ratiodesign.dev\/welzijn\/#organization"},"potentialAction":[{"@type":"SearchAction","target":{"@type":"EntryPoint","urlTemplate":"https:\/\/capelle.ratiodesign.dev\/welzijn\/?s={search_term_string}"},"query-input":{"@type":"PropertyValueSpecification","valueRequired":true,"valueName":"search_term_string"}}],"inLanguage":"nl-NL"},{"@type":"Organization","@id":"https:\/\/capelle.ratiodesign.dev\/welzijn\/#organization","name":"Welzijn Capelle","url":"https:\/\/capelle.ratiodesign.dev\/welzijn\/","logo":{"@type":"ImageObject","inLanguage":"nl-NL","@id":"https:\/\/capelle.ratiodesign.dev\/welzijn\/#\/schema\/logo\/image\/","url":"https:\/\/capelle.ratiodesign.dev\/welzijn\/wp-content\/uploads\/sites\/9\/2022\/12\/logo.svg","contentUrl":"https:\/\/capelle.ratiodesign.dev\/welzijn\/wp-content\/uploads\/sites\/9\/2022\/12\/logo.svg","width":1,"height":1,"caption":"Welzijn Capelle"},"image":{"@id":"https:\/\/capelle.ratiodesign.dev\/welzijn\/#\/schema\/logo\/image\/"}},{"@type":"Person","@id":"https:\/\/capelle.ratiodesign.dev\/welzijn\/#\/schema\/person\/fb4ce06452f744ff6b772cb7720e69db","name":"admin","image":{"@type":"ImageObject","inLanguage":"nl-NL","@id":"https:\/\/capelle.ratiodesign.dev\/welzijn\/#\/schema\/person\/image\/","url":"https:\/\/secure.gravatar.com\/avatar\/11bf15cdc3f62ea656bbe95063e2c55fd83c3f9c373f93bbd5692994da015c2b?s=96&d=mm&r=g","contentUrl":"https:\/\/secure.gravatar.com\/avatar\/11bf15cdc3f62ea656bbe95063e2c55fd83c3f9c373f93bbd5692994da015c2b?s=96&d=mm&r=g","caption":"admin"},"url":"https:\/\/capelle.ratiodesign.dev\/welzijn\/nieuws\/author\/admin\/"}]}},"_links":{"self":[{"href":"https:\/\/capelle.ratiodesign.dev\/welzijn\/wp-json\/wp\/v2\/posts\/1601","targetHints":{"allow":["GET"]}}],"collection":[{"href":"https:\/\/capelle.ratiodesign.dev\/welzijn\/wp-json\/wp\/v2\/posts"}],"about":[{"href":"https:\/\/capelle.ratiodesign.dev\/welzijn\/wp-json\/wp\/v2\/types\/post"}],"author":[{"embeddable":true,"href":"https:\/\/capelle.ratiodesign.dev\/welzijn\/wp-json\/wp\/v2\/users\/1"}],"replies":[{"embeddable":true,"href":"https:\/\/capelle.ratiodesign.dev\/welzijn\/wp-json\/wp\/v2\/comments?post=1601"}],"version-history":[{"count":5,"href":"https:\/\/capelle.ratiodesign.dev\/welzijn\/wp-json\/wp\/v2\/posts\/1601\/revisions"}],"predecessor-version":[{"id":2157,"href":"https:\/\/capelle.ratiodesign.dev\/welzijn\/wp-json\/wp\/v2\/posts\/1601\/revisions\/2157"}],"wp:featuredmedia":[{"embeddable":true,"href":"https:\/\/capelle.ratiodesign.dev\/welzijn\/wp-json\/wp\/v2\/media\/1605"}],"wp:attachment":[{"href":"https:\/\/capelle.ratiodesign.dev\/welzijn\/wp-json\/wp\/v2\/media?parent=1601"}],"wp:term":[{"taxonomy":"category","embeddable":true,"href":"https:\/\/capelle.ratiodesign.dev\/welzijn\/wp-json\/wp\/v2\/categories?post=1601"},{"taxonomy":"post_tag","embeddable":true,"href":"https:\/\/capelle.ratiodesign.dev\/welzijn\/wp-json\/wp\/v2\/tags?post=1601"},{"taxonomy":"age","embeddable":true,"href":"https:\/\/capelle.ratiodesign.dev\/welzijn\/wp-json\/wp\/v2\/age?post=1601"},{"taxonomy":"area","embeddable":true,"href":"https:\/\/capelle.ratiodesign.dev\/welzijn\/wp-json\/wp\/v2\/area?post=1601"},{"taxonomy":"theme","embeddable":true,"href":"https:\/\/capelle.ratiodesign.dev\/welzijn\/wp-json\/wp\/v2\/theme?post=1601"}],"curies":[{"name":"wp","href":"https:\/\/api.w.org\/{rel}","templated":true}]}}