{"id":1156,"date":"2023-02-09T17:36:00","date_gmt":"2023-02-09T17:36:00","guid":{"rendered":"https:\/\/capelle.ratiodesign.dev\/welzijn\/?p=1156"},"modified":"2023-08-09T11:46:01","modified_gmt":"2023-08-09T09:46:01","slug":"sylvia-kreeg-schulden-je-gaat-anders-naar-je-leven-kijken","status":"publish","type":"post","link":"https:\/\/capelle.ratiodesign.dev\/welzijn\/nieuws\/sylvia-kreeg-schulden-je-gaat-anders-naar-je-leven-kijken\/","title":{"rendered":"Sylvia kreeg schulden: \u2018Je gaat anders naar je leven kijken\u2019"},"content":{"rendered":"\n<div class=\"wp-block-group is-layout-constrained wp-block-group-is-layout-constrained\" style=\"padding-top:var(--wp--preset--spacing--5);padding-bottom:var(--wp--preset--spacing--5)\">\n<h1 class=\"wp-block-heading\">Sylvia kreeg schulden: \u2018Je gaat anders naar je leven kijken\u2019<\/h1>\n\n\n\n<h5 class=\"wp-block-heading has-black-color has-text-color\"><\/h5>\n\n\n\n<p class=\"has-blue-color has-text-color has-medium-font-size\"><\/p>\n\n\n\n<p class=\"has-blue-color has-text-color has-medium-font-size\">\u2018Het was halverwege de maand \u2013 en ik had geen idee hoe ik m\u2019n kinderen te eten moest geven en m\u2019n rekeningen betalen.\u2019 Sylvia is 40 en moeder van twee zoons. Ze heeft een goede baan, maar kreeg schulden door haar scheiding. Sinds kort zit ze in een schuldsaneringstraject. \u2018Nu heb ik weer rust in mijn hoofd. Met de hulp van de wijkwinkel, Voedselbank en financieel hulpverlener weet ik zeker dat ik hieruit ga komen!\u2019<\/p>\n\n\n\n<p>Na haar scheiding twee jaar geleden kwam Sylvia in Capelle aan den IJssel wonen met haar zoons van 7 en 13. Zij en de kinderen hebben het goed naar hun zin in hun nieuwe woonplaats: \u2018Ik vind Capelle een leuke gemeente. Fijn dat er veel groen en dieren zijn.\u2019 Sylvia heeft rechten gestudeerd en werkt in de juridische sector. Maar haar financi\u00eble situatie werd steeds moeilijker na haar scheiding.<\/p>\n\n\n\n<div class=\"wp-block-columns is-layout-flex wp-container-core-columns-is-layout-28f84493 wp-block-columns-is-layout-flex\">\n<div class=\"wp-block-column is-layout-flow wp-block-column-is-layout-flow\">\n<div class=\"wp-block-group is-layout-constrained wp-block-group-is-layout-constrained\">\n<p class=\"has-blue-color has-text-color has-link-color wp-elements-fba4b8ecd033dabeba8df10e3d05d5ea\" style=\"margin-bottom:0\"><strong><strong><strong>Schaamte<\/strong><\/strong>&nbsp;<\/strong><\/p>\n\n\n\n<p class=\"has-link-color has-normal-font-size wp-elements-b6c1bd6e0b5b2ef0f228972afd761484\" style=\"margin-top:0;margin-right:0;margin-bottom:var(--wp--preset--spacing--2-5);margin-left:0;padding-top:0;padding-right:0;padding-bottom:0;padding-left:0\">&#8216;Ik kon de vaste lasten niet meer betalen. Mijn ex-man en ik hadden eerder een lening afgesloten voor een auto, die moest ik ook nog helpen aflossen. Bovendien val ik onder de toeslagenaffaire, dus ik had schulden bij de Belastingdienst. Daar kwamen nog andere schulden bovenop, omdat ik na de boodschappen niet genoeg overhad om bepaalde rekeningen te betalen. Ik heb een goede opleiding en baan, dus ik schaamde me er een beetje voor. Hoe kon mij dit gebeuren?\u2019<br><br>Het lukte Sylvia niet meer om de buitenschoolse opvang te betalen. Ze kreeg ook schulden bij de energieleverancier, woningcorporatie en zorgverzekeraar. Eerder had ze een folder van Welzijn Capelle gekregen over financi\u00eble hulpverlening. Op dat moment dacht ik , \u201cDat heb \u00edk toch niet nodig?\u201d. Maar in die ene maand, met een lege bankrekening, besloot ik toch te bellen. De baliemedewerker van Welzijn Capelle verwees me naar de wijkwinkel. Toen is het balletje gaan rollen.\u2019<\/p>\n<\/div>\n<\/div>\n\n\n\n<div class=\"wp-block-column is-layout-flow wp-block-column-is-layout-flow\"><figure class=\"wp-block-post-featured-image\"><img loading=\"lazy\" decoding=\"async\" width=\"1000\" height=\"750\" src=\"https:\/\/capelle.ratiodesign.dev\/welzijn\/wp-content\/uploads\/sites\/9\/2023\/02\/boodschappen-eten-voedsel-voedselpakket-voedselbank.jpg\" class=\"attachment-post-thumbnail size-post-thumbnail wp-post-image\" alt=\"\" style=\"object-fit:cover;\" srcset=\"https:\/\/capelle.ratiodesign.dev\/welzijn\/wp-content\/uploads\/sites\/9\/2023\/02\/boodschappen-eten-voedsel-voedselpakket-voedselbank.jpg 1000w, https:\/\/capelle.ratiodesign.dev\/welzijn\/wp-content\/uploads\/sites\/9\/2023\/02\/boodschappen-eten-voedsel-voedselpakket-voedselbank-300x225.jpg 300w\" sizes=\"auto, (max-width: 1000px) 100vw, 1000px\" \/><\/figure><\/div>\n<\/div>\n\n\n\n<div class=\"wp-block-group is-layout-constrained wp-block-group-is-layout-constrained\">\n<p class=\"has-blue-color has-text-color has-link-color wp-elements-eeaa86849a6a71c7692a1a7190531a07\" style=\"margin-bottom:0\"><strong><strong><strong>Admicaf\u00e9<\/strong><\/strong>&nbsp;<\/strong><\/p>\n\n\n\n<p class=\"has-link-color has-normal-font-size wp-elements-e7d53315b99d08b3305679c25f26163d\" style=\"margin-top:0;margin-right:0;margin-bottom:var(--wp--preset--spacing--2-5);margin-left:0;padding-top:0;padding-right:0;padding-bottom:0;padding-left:0\">De wijkwinkelmedewerker maakte een afspraak voor haar bij het Admicaf\u00e9. De speciaal getrainde vrijwilligers van het Admicaf\u00e9 kunnen Capellenaren helpen met allerlei financi\u00eble vragen. Bijvoorbeeld over huur, verzekeringen, energie, uitkeringen, belastingen of toeslagenaanvragen. \u2018De vrijwilliger hielp me om m\u2019n financi\u00eble papieren te ordenen. Ook regelde hij een aanvraag bij de Voedselbank. Ik kon daar gelukkig ook gelijk een noodpakket gaan ophalen. We hebben nu in elk geval weer altijd voldoende eten in huis!\u2019<br><br>Vervolgens maakte Sylvia een afspraak met Radha, een van de financieel hulpverleners bij Welzijn Capelle. Met haar maakte zij een afspraak bij IJsselgemeenten voor schuldsanering. Sylvia: \u2018Dat traject is nu gestart. Met Radha heb ik in kaart gebracht wie mijn schuldeisers zijn, wat mijn inkomen is, wat m\u2019n vaste lasten, hoeveel schulden ik precies heb\u2026\u2019 Op basis van dat overzicht doet IJsselgemeenten een afbetalingsvoorstel. Vervolgens moet je elke maand een vast bedrag aflossen via de gemeente, 3 jaar lang.<\/p>\n<\/div>\n\n\n\n<div class=\"wp-block-group is-layout-constrained wp-block-group-is-layout-constrained\">\n<p class=\"has-blue-color has-text-color has-link-color wp-elements-fb3ee358002f17092fafa18ef198ac58\" style=\"margin-bottom:0\"><strong><strong><strong><strong>Schuldsaneringstraject<\/strong><\/strong><\/strong>&nbsp;<\/strong><\/p>\n\n\n\n<p class=\"has-link-color has-normal-font-size wp-elements-59ab924da6adf4fa662c7d1c7c7fb6f7\" style=\"margin-top:0;margin-right:0;margin-bottom:var(--wp--preset--spacing--2-5);margin-left:0;padding-top:0;padding-right:0;padding-bottom:0;padding-left:0\">Sylvia: \u2018Ik was vorig jaar al begonnen met het afbetalen van schulden. Mijn zorgverzekeraar, energieleverancier en Havensteder zijn daardoor al afbetaald. Ook heb ik uitstel van betaling aangevraagd voor bepaalde rekeningen. Daardoor wordt het maandelijks af te lossen bedrag aan de gemeente hopelijk wat lager.\u2019 De Capelse is blij dat ze in het schuldsaneringstraject zit. \u2018Dat ik nu al mijn schulden aflos via de gemeente, geeft me rust in m\u2019n hoofd.\u2019<br><br>Op aanraden van Radha deed Sylvia ook mee met de Budgettraining van Welzijn Capelle. \u2018De groep was heel leuk. En de trainers Loes en Ramon zijn geweldig, ze krijgen van mij een 10! Net als Radha, trouwens. De lessen en uitleg zijn echt goed.\u2019 Ook de andere deelnemers hadden schulden, vertelt ze. \u2018Maar al zaten we allemaal in een lastig parket, we hebben ook veel gelachen samen.\u2019<\/p>\n<\/div>\n\n\n\n<div class=\"wp-block-group is-layout-constrained wp-block-group-is-layout-constrained\">\n<p class=\"has-blue-color has-text-color has-link-color wp-elements-bdc1a14a78cfdc600a7b19c1b4d1945e\" style=\"margin-bottom:0\"><strong><strong><strong><strong>Kasboekje<\/strong><\/strong><\/strong>&nbsp;<\/strong><\/p>\n\n\n\n<p class=\"has-link-color has-normal-font-size wp-elements-512643f188ccfd96a5cd1927da384e4b\" style=\"margin-top:0;margin-right:0;margin-bottom:var(--wp--preset--spacing--2-5);margin-left:0;padding-top:0;padding-right:0;padding-bottom:0;padding-left:0\">Sylvia gaat door de training anders met geld om. \u2018Ik gaf impulsief geld uit, door de stress. Nu plan ik mijn uitgaven: ik maak een lijst van alles wat betaald moet worden, en kijk hoeveel geld ik dan overhou. Ook probeer ik altijd iets opzij te zetten voor onvoorziene uitgaven.\u2019 De budgetcoaches raden verder aan om naar koopjes te kijken en prijzen te vergelijken. En elke week alle uitgaven in een kasboekje te schrijven, zodat je ziet of je over je budget gaat of niet.<br><br>Op dit moment houdt de Capelse misschien een tientje per week over na het betalen van alle rekeningen. \u2018Onverwachte extra\u2019s zijn heel lastig, zoals nieuwe sportkleding voor mijn zoons.\u2019 Bij de maandelijkse aflossing hoopt ze iets meer geld over te houden. \u2018Het zullen 3 pittige jaren worden, maar dan zijn we er hopelijk vanaf. Vorig jaar was een dieptepunt, met weinig overzicht. Nu zie ik weer licht aan het einde van de tunnel. Alles is goed geregeld, ik heb veel minder stress.\u2019<\/p>\n<\/div>\n\n\n\n<div class=\"wp-block-group is-layout-constrained wp-block-group-is-layout-constrained\">\n<p class=\"has-blue-color has-text-color has-link-color wp-elements-3cb9e56b45c70a2fc81bee2f9dcdd6ce\" style=\"margin-bottom:0\"><strong><strong><strong><strong>Sterker<\/strong><\/strong><\/strong>&nbsp;<\/strong><\/p>\n\n\n\n<p class=\"has-link-color has-normal-font-size wp-elements-a36966ce0eca1dfdfdad50b3634d2c50\" style=\"margin-top:0;margin-right:0;margin-bottom:var(--wp--preset--spacing--2-5);margin-left:0;padding-top:0;padding-right:0;padding-bottom:0;padding-left:0\">Ook haar zoons hebben gemerkt dat er weinig geld was, vooral de oudste. Dat maakte hem verdrietig. Hij was blij toen hij merkte dat zijn moeder hulp kreeg. Sylvia: \u2018Hij is nu zelf aan het sparen, gaat heel gaat verantwoordelijk met geld om. Hij is zuinig op zijn spullen, want hij weet dat we niet iets nieuws kunnen kopen als het kapot is.\u2019 Moeder is trots op haar zoons, die het goed doen op school. \u2018Deze situatie maakt ze sterker. Als je dit meemaakt, ga je anders naar je leven kijken. Je gaat zuiniger met dingen om.\u2019<\/p>\n\n\n\n<p>Ondanks de moeilijke periode die ze doormaakte met haar gezin, blijft de Capelse positief. \u2018Ik krijg z\u00f3veel hulp, van z\u00falke lieve mensen\u2026! Ook bij de Voedselbank. Dat voelt haast als familie.\u2019 Haar geloof heeft haar erdoorheen geholpen: \u2018God zorgt ervoor dat er mensen op mijn pad komen die me helpen.\u2019 Voor anderen heeft ze maar \u00e9\u00e9n advies: \u2018Heb je al schulden, of ben je bang om ze te krijgen? Schaam je niet. Ga naar Welzijn Capelle of de gemeente. Dan krijg je hulp.\u2019<\/p>\n\n\n\n<p><em>Sylvia is een pseudoniem. Haar verhaal is echt.<\/em><\/p>\n<\/div>\n<\/div>\n","protected":false},"excerpt":{"rendered":"<p>\u2018Het was halverwege de maand \u2013 en ik had geen idee hoe ik m\u2019n kinderen te eten moest geven en m\u2019n rekeningen betalen.\u2019 Sylvia kreeg schulden door haar scheiding. <\/p>\n","protected":false},"author":1,"featured_media":1776,"comment_status":"closed","ping_status":"open","sticky":false,"template":"","format":"standard","meta":{"footnotes":""},"categories":[56],"tags":[],"age":[33],"area":[],"theme":[40,41],"class_list":["post-1156","post","type-post","status-publish","format-standard","has-post-thumbnail","hentry","category-verhalen","age-volwassenen","theme-geld-werk","theme-ondersteuning-advies"],"yoast_head":"<!-- This site is optimized with the Yoast SEO plugin v23.5 - https:\/\/yoast.com\/wordpress\/plugins\/seo\/ -->\n<title>Sylvia kreeg schulden: \u2018Je gaat anders naar je leven kijken\u2019 - Welzijn Capelle<\/title>\n<meta name=\"robots\" content=\"index, follow, max-snippet:-1, max-image-preview:large, max-video-preview:-1\" \/>\n<link rel=\"canonical\" href=\"https:\/\/capelle.ratiodesign.dev\/welzijn\/nieuws\/sylvia-kreeg-schulden-je-gaat-anders-naar-je-leven-kijken\/\" \/>\n<meta property=\"og:locale\" content=\"nl_NL\" \/>\n<meta property=\"og:type\" content=\"article\" \/>\n<meta property=\"og:title\" content=\"Sylvia kreeg schulden: \u2018Je gaat anders naar je leven kijken\u2019 - Welzijn Capelle\" \/>\n<meta property=\"og:description\" content=\"\u2018Het was halverwege de maand \u2013 en ik had geen idee hoe ik m\u2019n kinderen te eten moest geven en m\u2019n rekeningen betalen.\u2019 Sylvia kreeg schulden door haar scheiding.\" \/>\n<meta property=\"og:url\" content=\"https:\/\/capelle.ratiodesign.dev\/welzijn\/nieuws\/sylvia-kreeg-schulden-je-gaat-anders-naar-je-leven-kijken\/\" \/>\n<meta property=\"og:site_name\" content=\"Welzijn Capelle\" \/>\n<meta property=\"article:published_time\" content=\"2023-02-09T17:36:00+00:00\" \/>\n<meta property=\"article:modified_time\" content=\"2023-08-09T09:46:01+00:00\" \/>\n<meta property=\"og:image\" content=\"https:\/\/capelle.ratiodesign.dev\/welzijn\/wp-content\/uploads\/sites\/9\/2023\/02\/boodschappen-eten-voedsel-voedselpakket-voedselbank.jpg\" \/>\n\t<meta property=\"og:image:width\" content=\"1000\" \/>\n\t<meta property=\"og:image:height\" content=\"750\" \/>\n\t<meta property=\"og:image:type\" content=\"image\/jpeg\" \/>\n<meta name=\"author\" content=\"admin\" \/>\n<meta name=\"twitter:card\" content=\"summary_large_image\" \/>\n<meta name=\"twitter:label1\" content=\"Geschreven door\" \/>\n\t<meta name=\"twitter:data1\" content=\"admin\" \/>\n\t<meta name=\"twitter:label2\" content=\"Geschatte leestijd\" \/>\n\t<meta name=\"twitter:data2\" content=\"5 minuten\" \/>\n<script type=\"application\/ld+json\" class=\"yoast-schema-graph\">{\"@context\":\"https:\/\/schema.org\",\"@graph\":[{\"@type\":\"Article\",\"@id\":\"https:\/\/capelle.ratiodesign.dev\/welzijn\/nieuws\/sylvia-kreeg-schulden-je-gaat-anders-naar-je-leven-kijken\/#article\",\"isPartOf\":{\"@id\":\"https:\/\/capelle.ratiodesign.dev\/welzijn\/nieuws\/sylvia-kreeg-schulden-je-gaat-anders-naar-je-leven-kijken\/\"},\"author\":{\"name\":\"admin\",\"@id\":\"https:\/\/capelle.ratiodesign.dev\/welzijn\/#\/schema\/person\/fb4ce06452f744ff6b772cb7720e69db\"},\"headline\":\"Sylvia kreeg schulden: \u2018Je gaat anders naar je leven kijken\u2019\",\"datePublished\":\"2023-02-09T17:36:00+00:00\",\"dateModified\":\"2023-08-09T09:46:01+00:00\",\"mainEntityOfPage\":{\"@id\":\"https:\/\/capelle.ratiodesign.dev\/welzijn\/nieuws\/sylvia-kreeg-schulden-je-gaat-anders-naar-je-leven-kijken\/\"},\"wordCount\":977,\"publisher\":{\"@id\":\"https:\/\/capelle.ratiodesign.dev\/welzijn\/#organization\"},\"image\":{\"@id\":\"https:\/\/capelle.ratiodesign.dev\/welzijn\/nieuws\/sylvia-kreeg-schulden-je-gaat-anders-naar-je-leven-kijken\/#primaryimage\"},\"thumbnailUrl\":\"https:\/\/capelle.ratiodesign.dev\/welzijn\/wp-content\/uploads\/sites\/9\/2023\/02\/boodschappen-eten-voedsel-voedselpakket-voedselbank.jpg\",\"articleSection\":[\"Verhalen\"],\"inLanguage\":\"nl-NL\"},{\"@type\":\"WebPage\",\"@id\":\"https:\/\/capelle.ratiodesign.dev\/welzijn\/nieuws\/sylvia-kreeg-schulden-je-gaat-anders-naar-je-leven-kijken\/\",\"url\":\"https:\/\/capelle.ratiodesign.dev\/welzijn\/nieuws\/sylvia-kreeg-schulden-je-gaat-anders-naar-je-leven-kijken\/\",\"name\":\"Sylvia kreeg schulden: \u2018Je gaat anders naar je leven kijken\u2019 - Welzijn Capelle\",\"isPartOf\":{\"@id\":\"https:\/\/capelle.ratiodesign.dev\/welzijn\/#website\"},\"primaryImageOfPage\":{\"@id\":\"https:\/\/capelle.ratiodesign.dev\/welzijn\/nieuws\/sylvia-kreeg-schulden-je-gaat-anders-naar-je-leven-kijken\/#primaryimage\"},\"image\":{\"@id\":\"https:\/\/capelle.ratiodesign.dev\/welzijn\/nieuws\/sylvia-kreeg-schulden-je-gaat-anders-naar-je-leven-kijken\/#primaryimage\"},\"thumbnailUrl\":\"https:\/\/capelle.ratiodesign.dev\/welzijn\/wp-content\/uploads\/sites\/9\/2023\/02\/boodschappen-eten-voedsel-voedselpakket-voedselbank.jpg\",\"datePublished\":\"2023-02-09T17:36:00+00:00\",\"dateModified\":\"2023-08-09T09:46:01+00:00\",\"breadcrumb\":{\"@id\":\"https:\/\/capelle.ratiodesign.dev\/welzijn\/nieuws\/sylvia-kreeg-schulden-je-gaat-anders-naar-je-leven-kijken\/#breadcrumb\"},\"inLanguage\":\"nl-NL\",\"potentialAction\":[{\"@type\":\"ReadAction\",\"target\":[\"https:\/\/capelle.ratiodesign.dev\/welzijn\/nieuws\/sylvia-kreeg-schulden-je-gaat-anders-naar-je-leven-kijken\/\"]}]},{\"@type\":\"ImageObject\",\"inLanguage\":\"nl-NL\",\"@id\":\"https:\/\/capelle.ratiodesign.dev\/welzijn\/nieuws\/sylvia-kreeg-schulden-je-gaat-anders-naar-je-leven-kijken\/#primaryimage\",\"url\":\"https:\/\/capelle.ratiodesign.dev\/welzijn\/wp-content\/uploads\/sites\/9\/2023\/02\/boodschappen-eten-voedsel-voedselpakket-voedselbank.jpg\",\"contentUrl\":\"https:\/\/capelle.ratiodesign.dev\/welzijn\/wp-content\/uploads\/sites\/9\/2023\/02\/boodschappen-eten-voedsel-voedselpakket-voedselbank.jpg\",\"width\":1000,\"height\":750},{\"@type\":\"BreadcrumbList\",\"@id\":\"https:\/\/capelle.ratiodesign.dev\/welzijn\/nieuws\/sylvia-kreeg-schulden-je-gaat-anders-naar-je-leven-kijken\/#breadcrumb\",\"itemListElement\":[{\"@type\":\"ListItem\",\"position\":1,\"name\":\"Home\",\"item\":\"https:\/\/capelle.ratiodesign.dev\/welzijn\/\"},{\"@type\":\"ListItem\",\"position\":2,\"name\":\"Sylvia kreeg schulden: \u2018Je gaat anders naar je leven kijken\u2019\"}]},{\"@type\":\"WebSite\",\"@id\":\"https:\/\/capelle.ratiodesign.dev\/welzijn\/#website\",\"url\":\"https:\/\/capelle.ratiodesign.dev\/welzijn\/\",\"name\":\"Welzijn Capelle\",\"description\":\"\",\"publisher\":{\"@id\":\"https:\/\/capelle.ratiodesign.dev\/welzijn\/#organization\"},\"potentialAction\":[{\"@type\":\"SearchAction\",\"target\":{\"@type\":\"EntryPoint\",\"urlTemplate\":\"https:\/\/capelle.ratiodesign.dev\/welzijn\/?s={search_term_string}\"},\"query-input\":{\"@type\":\"PropertyValueSpecification\",\"valueRequired\":true,\"valueName\":\"search_term_string\"}}],\"inLanguage\":\"nl-NL\"},{\"@type\":\"Organization\",\"@id\":\"https:\/\/capelle.ratiodesign.dev\/welzijn\/#organization\",\"name\":\"Welzijn Capelle\",\"url\":\"https:\/\/capelle.ratiodesign.dev\/welzijn\/\",\"logo\":{\"@type\":\"ImageObject\",\"inLanguage\":\"nl-NL\",\"@id\":\"https:\/\/capelle.ratiodesign.dev\/welzijn\/#\/schema\/logo\/image\/\",\"url\":\"https:\/\/capelle.ratiodesign.dev\/welzijn\/wp-content\/uploads\/sites\/9\/2022\/12\/logo.svg\",\"contentUrl\":\"https:\/\/capelle.ratiodesign.dev\/welzijn\/wp-content\/uploads\/sites\/9\/2022\/12\/logo.svg\",\"width\":1,\"height\":1,\"caption\":\"Welzijn Capelle\"},\"image\":{\"@id\":\"https:\/\/capelle.ratiodesign.dev\/welzijn\/#\/schema\/logo\/image\/\"}},{\"@type\":\"Person\",\"@id\":\"https:\/\/capelle.ratiodesign.dev\/welzijn\/#\/schema\/person\/fb4ce06452f744ff6b772cb7720e69db\",\"name\":\"admin\",\"image\":{\"@type\":\"ImageObject\",\"inLanguage\":\"nl-NL\",\"@id\":\"https:\/\/capelle.ratiodesign.dev\/welzijn\/#\/schema\/person\/image\/\",\"url\":\"https:\/\/secure.gravatar.com\/avatar\/11bf15cdc3f62ea656bbe95063e2c55fd83c3f9c373f93bbd5692994da015c2b?s=96&d=mm&r=g\",\"contentUrl\":\"https:\/\/secure.gravatar.com\/avatar\/11bf15cdc3f62ea656bbe95063e2c55fd83c3f9c373f93bbd5692994da015c2b?s=96&d=mm&r=g\",\"caption\":\"admin\"},\"url\":\"https:\/\/capelle.ratiodesign.dev\/welzijn\/nieuws\/author\/admin\/\"}]}<\/script>\n<!-- \/ Yoast SEO plugin. -->","yoast_head_json":{"title":"Sylvia kreeg schulden: \u2018Je gaat anders naar je leven kijken\u2019 - Welzijn Capelle","robots":{"index":"index","follow":"follow","max-snippet":"max-snippet:-1","max-image-preview":"max-image-preview:large","max-video-preview":"max-video-preview:-1"},"canonical":"https:\/\/capelle.ratiodesign.dev\/welzijn\/nieuws\/sylvia-kreeg-schulden-je-gaat-anders-naar-je-leven-kijken\/","og_locale":"nl_NL","og_type":"article","og_title":"Sylvia kreeg schulden: \u2018Je gaat anders naar je leven kijken\u2019 - Welzijn Capelle","og_description":"\u2018Het was halverwege de maand \u2013 en ik had geen idee hoe ik m\u2019n kinderen te eten moest geven en m\u2019n rekeningen betalen.\u2019 Sylvia kreeg schulden door haar scheiding.","og_url":"https:\/\/capelle.ratiodesign.dev\/welzijn\/nieuws\/sylvia-kreeg-schulden-je-gaat-anders-naar-je-leven-kijken\/","og_site_name":"Welzijn Capelle","article_published_time":"2023-02-09T17:36:00+00:00","article_modified_time":"2023-08-09T09:46:01+00:00","og_image":[{"width":1000,"height":750,"url":"https:\/\/capelle.ratiodesign.dev\/welzijn\/wp-content\/uploads\/sites\/9\/2023\/02\/boodschappen-eten-voedsel-voedselpakket-voedselbank.jpg","type":"image\/jpeg"}],"author":"admin","twitter_card":"summary_large_image","twitter_misc":{"Geschreven door":"admin","Geschatte leestijd":"5 minuten"},"schema":{"@context":"https:\/\/schema.org","@graph":[{"@type":"Article","@id":"https:\/\/capelle.ratiodesign.dev\/welzijn\/nieuws\/sylvia-kreeg-schulden-je-gaat-anders-naar-je-leven-kijken\/#article","isPartOf":{"@id":"https:\/\/capelle.ratiodesign.dev\/welzijn\/nieuws\/sylvia-kreeg-schulden-je-gaat-anders-naar-je-leven-kijken\/"},"author":{"name":"admin","@id":"https:\/\/capelle.ratiodesign.dev\/welzijn\/#\/schema\/person\/fb4ce06452f744ff6b772cb7720e69db"},"headline":"Sylvia kreeg schulden: \u2018Je gaat anders naar je leven kijken\u2019","datePublished":"2023-02-09T17:36:00+00:00","dateModified":"2023-08-09T09:46:01+00:00","mainEntityOfPage":{"@id":"https:\/\/capelle.ratiodesign.dev\/welzijn\/nieuws\/sylvia-kreeg-schulden-je-gaat-anders-naar-je-leven-kijken\/"},"wordCount":977,"publisher":{"@id":"https:\/\/capelle.ratiodesign.dev\/welzijn\/#organization"},"image":{"@id":"https:\/\/capelle.ratiodesign.dev\/welzijn\/nieuws\/sylvia-kreeg-schulden-je-gaat-anders-naar-je-leven-kijken\/#primaryimage"},"thumbnailUrl":"https:\/\/capelle.ratiodesign.dev\/welzijn\/wp-content\/uploads\/sites\/9\/2023\/02\/boodschappen-eten-voedsel-voedselpakket-voedselbank.jpg","articleSection":["Verhalen"],"inLanguage":"nl-NL"},{"@type":"WebPage","@id":"https:\/\/capelle.ratiodesign.dev\/welzijn\/nieuws\/sylvia-kreeg-schulden-je-gaat-anders-naar-je-leven-kijken\/","url":"https:\/\/capelle.ratiodesign.dev\/welzijn\/nieuws\/sylvia-kreeg-schulden-je-gaat-anders-naar-je-leven-kijken\/","name":"Sylvia kreeg schulden: \u2018Je gaat anders naar je leven kijken\u2019 - Welzijn Capelle","isPartOf":{"@id":"https:\/\/capelle.ratiodesign.dev\/welzijn\/#website"},"primaryImageOfPage":{"@id":"https:\/\/capelle.ratiodesign.dev\/welzijn\/nieuws\/sylvia-kreeg-schulden-je-gaat-anders-naar-je-leven-kijken\/#primaryimage"},"image":{"@id":"https:\/\/capelle.ratiodesign.dev\/welzijn\/nieuws\/sylvia-kreeg-schulden-je-gaat-anders-naar-je-leven-kijken\/#primaryimage"},"thumbnailUrl":"https:\/\/capelle.ratiodesign.dev\/welzijn\/wp-content\/uploads\/sites\/9\/2023\/02\/boodschappen-eten-voedsel-voedselpakket-voedselbank.jpg","datePublished":"2023-02-09T17:36:00+00:00","dateModified":"2023-08-09T09:46:01+00:00","breadcrumb":{"@id":"https:\/\/capelle.ratiodesign.dev\/welzijn\/nieuws\/sylvia-kreeg-schulden-je-gaat-anders-naar-je-leven-kijken\/#breadcrumb"},"inLanguage":"nl-NL","potentialAction":[{"@type":"ReadAction","target":["https:\/\/capelle.ratiodesign.dev\/welzijn\/nieuws\/sylvia-kreeg-schulden-je-gaat-anders-naar-je-leven-kijken\/"]}]},{"@type":"ImageObject","inLanguage":"nl-NL","@id":"https:\/\/capelle.ratiodesign.dev\/welzijn\/nieuws\/sylvia-kreeg-schulden-je-gaat-anders-naar-je-leven-kijken\/#primaryimage","url":"https:\/\/capelle.ratiodesign.dev\/welzijn\/wp-content\/uploads\/sites\/9\/2023\/02\/boodschappen-eten-voedsel-voedselpakket-voedselbank.jpg","contentUrl":"https:\/\/capelle.ratiodesign.dev\/welzijn\/wp-content\/uploads\/sites\/9\/2023\/02\/boodschappen-eten-voedsel-voedselpakket-voedselbank.jpg","width":1000,"height":750},{"@type":"BreadcrumbList","@id":"https:\/\/capelle.ratiodesign.dev\/welzijn\/nieuws\/sylvia-kreeg-schulden-je-gaat-anders-naar-je-leven-kijken\/#breadcrumb","itemListElement":[{"@type":"ListItem","position":1,"name":"Home","item":"https:\/\/capelle.ratiodesign.dev\/welzijn\/"},{"@type":"ListItem","position":2,"name":"Sylvia kreeg schulden: \u2018Je gaat anders naar je leven kijken\u2019"}]},{"@type":"WebSite","@id":"https:\/\/capelle.ratiodesign.dev\/welzijn\/#website","url":"https:\/\/capelle.ratiodesign.dev\/welzijn\/","name":"Welzijn Capelle","description":"","publisher":{"@id":"https:\/\/capelle.ratiodesign.dev\/welzijn\/#organization"},"potentialAction":[{"@type":"SearchAction","target":{"@type":"EntryPoint","urlTemplate":"https:\/\/capelle.ratiodesign.dev\/welzijn\/?s={search_term_string}"},"query-input":{"@type":"PropertyValueSpecification","valueRequired":true,"valueName":"search_term_string"}}],"inLanguage":"nl-NL"},{"@type":"Organization","@id":"https:\/\/capelle.ratiodesign.dev\/welzijn\/#organization","name":"Welzijn Capelle","url":"https:\/\/capelle.ratiodesign.dev\/welzijn\/","logo":{"@type":"ImageObject","inLanguage":"nl-NL","@id":"https:\/\/capelle.ratiodesign.dev\/welzijn\/#\/schema\/logo\/image\/","url":"https:\/\/capelle.ratiodesign.dev\/welzijn\/wp-content\/uploads\/sites\/9\/2022\/12\/logo.svg","contentUrl":"https:\/\/capelle.ratiodesign.dev\/welzijn\/wp-content\/uploads\/sites\/9\/2022\/12\/logo.svg","width":1,"height":1,"caption":"Welzijn Capelle"},"image":{"@id":"https:\/\/capelle.ratiodesign.dev\/welzijn\/#\/schema\/logo\/image\/"}},{"@type":"Person","@id":"https:\/\/capelle.ratiodesign.dev\/welzijn\/#\/schema\/person\/fb4ce06452f744ff6b772cb7720e69db","name":"admin","image":{"@type":"ImageObject","inLanguage":"nl-NL","@id":"https:\/\/capelle.ratiodesign.dev\/welzijn\/#\/schema\/person\/image\/","url":"https:\/\/secure.gravatar.com\/avatar\/11bf15cdc3f62ea656bbe95063e2c55fd83c3f9c373f93bbd5692994da015c2b?s=96&d=mm&r=g","contentUrl":"https:\/\/secure.gravatar.com\/avatar\/11bf15cdc3f62ea656bbe95063e2c55fd83c3f9c373f93bbd5692994da015c2b?s=96&d=mm&r=g","caption":"admin"},"url":"https:\/\/capelle.ratiodesign.dev\/welzijn\/nieuws\/author\/admin\/"}]}},"_links":{"self":[{"href":"https:\/\/capelle.ratiodesign.dev\/welzijn\/wp-json\/wp\/v2\/posts\/1156","targetHints":{"allow":["GET"]}}],"collection":[{"href":"https:\/\/capelle.ratiodesign.dev\/welzijn\/wp-json\/wp\/v2\/posts"}],"about":[{"href":"https:\/\/capelle.ratiodesign.dev\/welzijn\/wp-json\/wp\/v2\/types\/post"}],"author":[{"embeddable":true,"href":"https:\/\/capelle.ratiodesign.dev\/welzijn\/wp-json\/wp\/v2\/users\/1"}],"replies":[{"embeddable":true,"href":"https:\/\/capelle.ratiodesign.dev\/welzijn\/wp-json\/wp\/v2\/comments?post=1156"}],"version-history":[{"count":14,"href":"https:\/\/capelle.ratiodesign.dev\/welzijn\/wp-json\/wp\/v2\/posts\/1156\/revisions"}],"predecessor-version":[{"id":2187,"href":"https:\/\/capelle.ratiodesign.dev\/welzijn\/wp-json\/wp\/v2\/posts\/1156\/revisions\/2187"}],"wp:featuredmedia":[{"embeddable":true,"href":"https:\/\/capelle.ratiodesign.dev\/welzijn\/wp-json\/wp\/v2\/media\/1776"}],"wp:attachment":[{"href":"https:\/\/capelle.ratiodesign.dev\/welzijn\/wp-json\/wp\/v2\/media?parent=1156"}],"wp:term":[{"taxonomy":"category","embeddable":true,"href":"https:\/\/capelle.ratiodesign.dev\/welzijn\/wp-json\/wp\/v2\/categories?post=1156"},{"taxonomy":"post_tag","embeddable":true,"href":"https:\/\/capelle.ratiodesign.dev\/welzijn\/wp-json\/wp\/v2\/tags?post=1156"},{"taxonomy":"age","embeddable":true,"href":"https:\/\/capelle.ratiodesign.dev\/welzijn\/wp-json\/wp\/v2\/age?post=1156"},{"taxonomy":"area","embeddable":true,"href":"https:\/\/capelle.ratiodesign.dev\/welzijn\/wp-json\/wp\/v2\/area?post=1156"},{"taxonomy":"theme","embeddable":true,"href":"https:\/\/capelle.ratiodesign.dev\/welzijn\/wp-json\/wp\/v2\/theme?post=1156"}],"curies":[{"name":"wp","href":"https:\/\/api.w.org\/{rel}","templated":true}]}}