{"id":1044,"date":"2023-03-02T09:59:50","date_gmt":"2023-03-02T09:59:50","guid":{"rendered":"https:\/\/capelle.ratiodesign.dev\/welzijn\/?p=1044"},"modified":"2023-04-06T09:11:01","modified_gmt":"2023-04-06T09:11:01","slug":"oekrainers-uit-capelle-aan-den-ijssel-herdenken-oorlog","status":"publish","type":"post","link":"https:\/\/capelle.ratiodesign.dev\/welzijn\/nieuws\/oekrainers-uit-capelle-aan-den-ijssel-herdenken-oorlog\/","title":{"rendered":"Oekra\u00efners uit Capelle aan den IJssel herdenken oorlog"},"content":{"rendered":"\n<div class=\"wp-block-group is-layout-constrained wp-block-group-is-layout-constrained\" style=\"padding-top:var(--wp--preset--spacing--5);padding-bottom:var(--wp--preset--spacing--5)\">\n<h1 class=\"wp-block-heading\">Oekra\u00efners uit Capelle aan den IJssel herdenken oorlog<\/h1>\n\n\n\n<p class=\"has-blue-color has-text-color has-medium-font-size\">Een grote groep Capelse Oekra\u00efners die bij gastgezinnen of in de opvanglocatie Rivium verblijven, woonde vandaag een landelijke herdenking bij in de Jaarbeurs in Utrecht. Het is precies \u00e9\u00e9n jaar geleden dat de oorlog in Oekra\u00efne begon.<\/p>\n\n\n\n<p class=\"has-text-align-left\">De gemeente heeft voor de Oekra\u00efners een bus en begeleiding van en naar de herdenking geregeld. Burgemeester Peter Oskam kijkt terug op een bewogen jaar: \u201cVorig jaar kwamen deze ontheemde mensen ons land binnen. Zij hadden huis en haard achtergelaten, gingen een onzekere tijd tegemoet. Ook in Capelle zetten we ons in om deze vluchtelingen op te vangen.&#8221;<\/p>\n\n\n\n<div class=\"wp-block-columns is-layout-flex wp-container-core-columns-is-layout-28f84493 wp-block-columns-is-layout-flex\">\n<div class=\"wp-block-column is-layout-flow wp-block-column-is-layout-flow\">\n<p class=\"has-text-align-left\">&#8220;Een jaar later zie je dat deze mensen ontzettend hun best doen om er het allerbeste van te maken. Het is knap dat ze het al die tijd volhouden, en fijn dat intussen de meeste mensen een baan hebben gevonden en alle kinderen hier naar school gaan. Nu het alweer een jaar geleden is dat de oorlog begon, willen we deze mensen de gelegenheid bieden om op een waardige manier te herdenken, samen met andere lotgenoten die elders in Nederland onderdak hebben gevonden.\u201d<\/p>\n\n\n\n<div class=\"wp-block-group is-layout-constrained wp-block-group-is-layout-constrained\">\n<p class=\"has-blue-color has-text-color has-link-color wp-elements-709291ba0ec2cd4f440da37c366495cb\" style=\"margin-bottom:0\"><strong><strong><strong>Verbouwing<\/strong><\/strong><\/strong><\/p>\n\n\n\n<p class=\"has-link-color has-normal-font-size wp-elements-2176e84829deccbec5813148f410aa55\" style=\"margin-top:0;margin-right:0;margin-bottom:var(--wp--preset--spacing--2-5);margin-left:0;padding-top:0;padding-right:0;padding-bottom:0;padding-left:0\">Op dit moment wonen er 160 Oekra\u00efners in het Rivium. De afgelopen maanden is er op de locatie flink verbouwd om plek te bieden aan nog meer Oekra\u00efners. Zo zijn er extra (slaap)kamers, sanitaire ruimten en kookvoorzieningen gemaakt. Inmiddels is de verbouwing afgerond en de verwachting is dat er in de komende weken nieuwe mensen in het Rivium komen wonen. In totaal is er plaats voor ongeveer 250 Oekra\u00efners.<\/p>\n<\/div>\n<\/div>\n\n\n\n<div class=\"wp-block-column is-layout-flow wp-block-column-is-layout-flow\"><figure class=\"wp-block-post-featured-image\"><img loading=\"lazy\" decoding=\"async\" width=\"640\" height=\"427\" src=\"https:\/\/capelle.ratiodesign.dev\/welzijn\/wp-content\/uploads\/sites\/9\/2023\/03\/vlag_Oekraine_2.jpg\" class=\"attachment-post-thumbnail size-post-thumbnail wp-post-image\" alt=\"\" style=\"object-fit:cover;\" srcset=\"https:\/\/capelle.ratiodesign.dev\/welzijn\/wp-content\/uploads\/sites\/9\/2023\/03\/vlag_Oekraine_2.jpg 640w, https:\/\/capelle.ratiodesign.dev\/welzijn\/wp-content\/uploads\/sites\/9\/2023\/03\/vlag_Oekraine_2-300x200.jpg 300w\" sizes=\"auto, (max-width: 640px) 100vw, 640px\" \/><\/figure><\/div>\n<\/div>\n\n\n\n<div class=\"wp-block-group is-layout-constrained wp-block-group-is-layout-constrained\">\n<p class=\"has-blue-color has-text-color has-link-color wp-elements-cc1bc815c34ac6efef779829903e249d\" style=\"margin-bottom:0\"><strong>Oekra\u00efens Ontmoetingscentrum<\/strong><\/p>\n\n\n\n<p class=\"has-link-color has-normal-font-size wp-elements-c7bfbc19c8793eb22e0e9879be4c78dd\" style=\"margin-top:0;margin-right:0;margin-bottom:var(--wp--preset--spacing--2-5);margin-left:0;padding-top:0;padding-right:0;padding-bottom:0;padding-left:0\">In het Huis van de Wijk Schollevaar (Stationsplein 20) is onlangs een Oekra\u00efens Ontmoetingscentrum (OOC) geopend. Dit is georganiseerd door Oekra\u00efners zelf en zij worden ondersteund door medewerkers van Welzijn Capelle. Ontmoeting en verbinding staat centraal in het Huis van de Wijk. Ook andere bezoekers zijn altijd welkom. Tijdens de praatgroep Nederlands kunnen de gastende Nederlandse taal leren. Dit is elke vrijdag van 12.00 \u2013 13.00 uur. Binnenkort starten er ook Nederlandse taallessen. Het Ontmoetingscentrum is elke maandag, woensdag en vrijdag open van 9.00 tot 13.00 uur.<\/p>\n\n\n\n<p><em>Bron: gemeente Capelle aan den IJssel<\/em><\/p>\n<\/div>\n<\/div>\n","protected":false},"excerpt":{"rendered":"<p>Een grote groep Capelse Oekra\u00efners die bij gastgezinnen of in de opvanglocatie Rivium verblijven, woonde vandaag een landelijke herdenking bij in de Jaarbeurs in Utrecht. <\/p>\n","protected":false},"author":1,"featured_media":1046,"comment_status":"open","ping_status":"open","sticky":false,"template":"","format":"standard","meta":{"footnotes":""},"categories":[],"tags":[],"age":[],"area":[],"theme":[],"class_list":["post-1044","post","type-post","status-publish","format-standard","has-post-thumbnail","hentry"],"yoast_head":"<!-- This site is optimized with the Yoast SEO plugin v23.5 - https:\/\/yoast.com\/wordpress\/plugins\/seo\/ -->\n<title>Oekra\u00efners uit Capelle aan den IJssel herdenken oorlog - Welzijn Capelle<\/title>\n<meta name=\"robots\" content=\"index, follow, max-snippet:-1, max-image-preview:large, max-video-preview:-1\" \/>\n<link rel=\"canonical\" href=\"https:\/\/capelle.ratiodesign.dev\/welzijn\/nieuws\/oekrainers-uit-capelle-aan-den-ijssel-herdenken-oorlog\/\" \/>\n<meta property=\"og:locale\" content=\"nl_NL\" \/>\n<meta property=\"og:type\" content=\"article\" \/>\n<meta property=\"og:title\" content=\"Oekra\u00efners uit Capelle aan den IJssel herdenken oorlog - Welzijn Capelle\" \/>\n<meta property=\"og:description\" content=\"Een grote groep Capelse Oekra\u00efners die bij gastgezinnen of in de opvanglocatie Rivium verblijven, woonde vandaag een landelijke herdenking bij in de Jaarbeurs in Utrecht.\" \/>\n<meta property=\"og:url\" content=\"https:\/\/capelle.ratiodesign.dev\/welzijn\/nieuws\/oekrainers-uit-capelle-aan-den-ijssel-herdenken-oorlog\/\" \/>\n<meta property=\"og:site_name\" content=\"Welzijn Capelle\" \/>\n<meta property=\"article:published_time\" content=\"2023-03-02T09:59:50+00:00\" \/>\n<meta property=\"article:modified_time\" content=\"2023-04-06T09:11:01+00:00\" \/>\n<meta property=\"og:image\" content=\"https:\/\/capelle.ratiodesign.dev\/welzijn\/wp-content\/uploads\/sites\/9\/2023\/03\/vlag_Oekraine_2.jpg\" \/>\n\t<meta property=\"og:image:width\" content=\"640\" \/>\n\t<meta property=\"og:image:height\" content=\"427\" \/>\n\t<meta property=\"og:image:type\" content=\"image\/jpeg\" \/>\n<meta name=\"author\" content=\"admin\" \/>\n<meta name=\"twitter:card\" content=\"summary_large_image\" \/>\n<meta name=\"twitter:label1\" content=\"Geschreven door\" \/>\n\t<meta name=\"twitter:data1\" content=\"admin\" \/>\n\t<meta name=\"twitter:label2\" content=\"Geschatte leestijd\" \/>\n\t<meta name=\"twitter:data2\" content=\"2 minuten\" \/>\n<script type=\"application\/ld+json\" class=\"yoast-schema-graph\">{\"@context\":\"https:\/\/schema.org\",\"@graph\":[{\"@type\":\"Article\",\"@id\":\"https:\/\/capelle.ratiodesign.dev\/welzijn\/nieuws\/oekrainers-uit-capelle-aan-den-ijssel-herdenken-oorlog\/#article\",\"isPartOf\":{\"@id\":\"https:\/\/capelle.ratiodesign.dev\/welzijn\/nieuws\/oekrainers-uit-capelle-aan-den-ijssel-herdenken-oorlog\/\"},\"author\":{\"name\":\"admin\",\"@id\":\"https:\/\/capelle.ratiodesign.dev\/welzijn\/#\/schema\/person\/fb4ce06452f744ff6b772cb7720e69db\"},\"headline\":\"Oekra\u00efners uit Capelle aan den IJssel herdenken oorlog\",\"datePublished\":\"2023-03-02T09:59:50+00:00\",\"dateModified\":\"2023-04-06T09:11:01+00:00\",\"mainEntityOfPage\":{\"@id\":\"https:\/\/capelle.ratiodesign.dev\/welzijn\/nieuws\/oekrainers-uit-capelle-aan-den-ijssel-herdenken-oorlog\/\"},\"wordCount\":363,\"commentCount\":0,\"publisher\":{\"@id\":\"https:\/\/capelle.ratiodesign.dev\/welzijn\/#organization\"},\"image\":{\"@id\":\"https:\/\/capelle.ratiodesign.dev\/welzijn\/nieuws\/oekrainers-uit-capelle-aan-den-ijssel-herdenken-oorlog\/#primaryimage\"},\"thumbnailUrl\":\"https:\/\/capelle.ratiodesign.dev\/welzijn\/wp-content\/uploads\/sites\/9\/2023\/03\/vlag_Oekraine_2.jpg\",\"inLanguage\":\"nl-NL\",\"potentialAction\":[{\"@type\":\"CommentAction\",\"name\":\"Comment\",\"target\":[\"https:\/\/capelle.ratiodesign.dev\/welzijn\/nieuws\/oekrainers-uit-capelle-aan-den-ijssel-herdenken-oorlog\/#respond\"]}]},{\"@type\":\"WebPage\",\"@id\":\"https:\/\/capelle.ratiodesign.dev\/welzijn\/nieuws\/oekrainers-uit-capelle-aan-den-ijssel-herdenken-oorlog\/\",\"url\":\"https:\/\/capelle.ratiodesign.dev\/welzijn\/nieuws\/oekrainers-uit-capelle-aan-den-ijssel-herdenken-oorlog\/\",\"name\":\"Oekra\u00efners uit Capelle aan den IJssel herdenken oorlog - Welzijn Capelle\",\"isPartOf\":{\"@id\":\"https:\/\/capelle.ratiodesign.dev\/welzijn\/#website\"},\"primaryImageOfPage\":{\"@id\":\"https:\/\/capelle.ratiodesign.dev\/welzijn\/nieuws\/oekrainers-uit-capelle-aan-den-ijssel-herdenken-oorlog\/#primaryimage\"},\"image\":{\"@id\":\"https:\/\/capelle.ratiodesign.dev\/welzijn\/nieuws\/oekrainers-uit-capelle-aan-den-ijssel-herdenken-oorlog\/#primaryimage\"},\"thumbnailUrl\":\"https:\/\/capelle.ratiodesign.dev\/welzijn\/wp-content\/uploads\/sites\/9\/2023\/03\/vlag_Oekraine_2.jpg\",\"datePublished\":\"2023-03-02T09:59:50+00:00\",\"dateModified\":\"2023-04-06T09:11:01+00:00\",\"breadcrumb\":{\"@id\":\"https:\/\/capelle.ratiodesign.dev\/welzijn\/nieuws\/oekrainers-uit-capelle-aan-den-ijssel-herdenken-oorlog\/#breadcrumb\"},\"inLanguage\":\"nl-NL\",\"potentialAction\":[{\"@type\":\"ReadAction\",\"target\":[\"https:\/\/capelle.ratiodesign.dev\/welzijn\/nieuws\/oekrainers-uit-capelle-aan-den-ijssel-herdenken-oorlog\/\"]}]},{\"@type\":\"ImageObject\",\"inLanguage\":\"nl-NL\",\"@id\":\"https:\/\/capelle.ratiodesign.dev\/welzijn\/nieuws\/oekrainers-uit-capelle-aan-den-ijssel-herdenken-oorlog\/#primaryimage\",\"url\":\"https:\/\/capelle.ratiodesign.dev\/welzijn\/wp-content\/uploads\/sites\/9\/2023\/03\/vlag_Oekraine_2.jpg\",\"contentUrl\":\"https:\/\/capelle.ratiodesign.dev\/welzijn\/wp-content\/uploads\/sites\/9\/2023\/03\/vlag_Oekraine_2.jpg\",\"width\":640,\"height\":427},{\"@type\":\"BreadcrumbList\",\"@id\":\"https:\/\/capelle.ratiodesign.dev\/welzijn\/nieuws\/oekrainers-uit-capelle-aan-den-ijssel-herdenken-oorlog\/#breadcrumb\",\"itemListElement\":[{\"@type\":\"ListItem\",\"position\":1,\"name\":\"Home\",\"item\":\"https:\/\/capelle.ratiodesign.dev\/welzijn\/\"},{\"@type\":\"ListItem\",\"position\":2,\"name\":\"Oekra\u00efners uit Capelle aan den IJssel herdenken oorlog\"}]},{\"@type\":\"WebSite\",\"@id\":\"https:\/\/capelle.ratiodesign.dev\/welzijn\/#website\",\"url\":\"https:\/\/capelle.ratiodesign.dev\/welzijn\/\",\"name\":\"Welzijn Capelle\",\"description\":\"\",\"publisher\":{\"@id\":\"https:\/\/capelle.ratiodesign.dev\/welzijn\/#organization\"},\"potentialAction\":[{\"@type\":\"SearchAction\",\"target\":{\"@type\":\"EntryPoint\",\"urlTemplate\":\"https:\/\/capelle.ratiodesign.dev\/welzijn\/?s={search_term_string}\"},\"query-input\":{\"@type\":\"PropertyValueSpecification\",\"valueRequired\":true,\"valueName\":\"search_term_string\"}}],\"inLanguage\":\"nl-NL\"},{\"@type\":\"Organization\",\"@id\":\"https:\/\/capelle.ratiodesign.dev\/welzijn\/#organization\",\"name\":\"Welzijn Capelle\",\"url\":\"https:\/\/capelle.ratiodesign.dev\/welzijn\/\",\"logo\":{\"@type\":\"ImageObject\",\"inLanguage\":\"nl-NL\",\"@id\":\"https:\/\/capelle.ratiodesign.dev\/welzijn\/#\/schema\/logo\/image\/\",\"url\":\"https:\/\/capelle.ratiodesign.dev\/welzijn\/wp-content\/uploads\/sites\/9\/2022\/12\/logo.svg\",\"contentUrl\":\"https:\/\/capelle.ratiodesign.dev\/welzijn\/wp-content\/uploads\/sites\/9\/2022\/12\/logo.svg\",\"width\":1,\"height\":1,\"caption\":\"Welzijn Capelle\"},\"image\":{\"@id\":\"https:\/\/capelle.ratiodesign.dev\/welzijn\/#\/schema\/logo\/image\/\"}},{\"@type\":\"Person\",\"@id\":\"https:\/\/capelle.ratiodesign.dev\/welzijn\/#\/schema\/person\/fb4ce06452f744ff6b772cb7720e69db\",\"name\":\"admin\",\"image\":{\"@type\":\"ImageObject\",\"inLanguage\":\"nl-NL\",\"@id\":\"https:\/\/capelle.ratiodesign.dev\/welzijn\/#\/schema\/person\/image\/\",\"url\":\"https:\/\/secure.gravatar.com\/avatar\/11bf15cdc3f62ea656bbe95063e2c55fd83c3f9c373f93bbd5692994da015c2b?s=96&d=mm&r=g\",\"contentUrl\":\"https:\/\/secure.gravatar.com\/avatar\/11bf15cdc3f62ea656bbe95063e2c55fd83c3f9c373f93bbd5692994da015c2b?s=96&d=mm&r=g\",\"caption\":\"admin\"},\"url\":\"https:\/\/capelle.ratiodesign.dev\/welzijn\/nieuws\/author\/admin\/\"}]}<\/script>\n<!-- \/ Yoast SEO plugin. -->","yoast_head_json":{"title":"Oekra\u00efners uit Capelle aan den IJssel herdenken oorlog - Welzijn Capelle","robots":{"index":"index","follow":"follow","max-snippet":"max-snippet:-1","max-image-preview":"max-image-preview:large","max-video-preview":"max-video-preview:-1"},"canonical":"https:\/\/capelle.ratiodesign.dev\/welzijn\/nieuws\/oekrainers-uit-capelle-aan-den-ijssel-herdenken-oorlog\/","og_locale":"nl_NL","og_type":"article","og_title":"Oekra\u00efners uit Capelle aan den IJssel herdenken oorlog - Welzijn Capelle","og_description":"Een grote groep Capelse Oekra\u00efners die bij gastgezinnen of in de opvanglocatie Rivium verblijven, woonde vandaag een landelijke herdenking bij in de Jaarbeurs in Utrecht.","og_url":"https:\/\/capelle.ratiodesign.dev\/welzijn\/nieuws\/oekrainers-uit-capelle-aan-den-ijssel-herdenken-oorlog\/","og_site_name":"Welzijn Capelle","article_published_time":"2023-03-02T09:59:50+00:00","article_modified_time":"2023-04-06T09:11:01+00:00","og_image":[{"width":640,"height":427,"url":"https:\/\/capelle.ratiodesign.dev\/welzijn\/wp-content\/uploads\/sites\/9\/2023\/03\/vlag_Oekraine_2.jpg","type":"image\/jpeg"}],"author":"admin","twitter_card":"summary_large_image","twitter_misc":{"Geschreven door":"admin","Geschatte leestijd":"2 minuten"},"schema":{"@context":"https:\/\/schema.org","@graph":[{"@type":"Article","@id":"https:\/\/capelle.ratiodesign.dev\/welzijn\/nieuws\/oekrainers-uit-capelle-aan-den-ijssel-herdenken-oorlog\/#article","isPartOf":{"@id":"https:\/\/capelle.ratiodesign.dev\/welzijn\/nieuws\/oekrainers-uit-capelle-aan-den-ijssel-herdenken-oorlog\/"},"author":{"name":"admin","@id":"https:\/\/capelle.ratiodesign.dev\/welzijn\/#\/schema\/person\/fb4ce06452f744ff6b772cb7720e69db"},"headline":"Oekra\u00efners uit Capelle aan den IJssel herdenken oorlog","datePublished":"2023-03-02T09:59:50+00:00","dateModified":"2023-04-06T09:11:01+00:00","mainEntityOfPage":{"@id":"https:\/\/capelle.ratiodesign.dev\/welzijn\/nieuws\/oekrainers-uit-capelle-aan-den-ijssel-herdenken-oorlog\/"},"wordCount":363,"commentCount":0,"publisher":{"@id":"https:\/\/capelle.ratiodesign.dev\/welzijn\/#organization"},"image":{"@id":"https:\/\/capelle.ratiodesign.dev\/welzijn\/nieuws\/oekrainers-uit-capelle-aan-den-ijssel-herdenken-oorlog\/#primaryimage"},"thumbnailUrl":"https:\/\/capelle.ratiodesign.dev\/welzijn\/wp-content\/uploads\/sites\/9\/2023\/03\/vlag_Oekraine_2.jpg","inLanguage":"nl-NL","potentialAction":[{"@type":"CommentAction","name":"Comment","target":["https:\/\/capelle.ratiodesign.dev\/welzijn\/nieuws\/oekrainers-uit-capelle-aan-den-ijssel-herdenken-oorlog\/#respond"]}]},{"@type":"WebPage","@id":"https:\/\/capelle.ratiodesign.dev\/welzijn\/nieuws\/oekrainers-uit-capelle-aan-den-ijssel-herdenken-oorlog\/","url":"https:\/\/capelle.ratiodesign.dev\/welzijn\/nieuws\/oekrainers-uit-capelle-aan-den-ijssel-herdenken-oorlog\/","name":"Oekra\u00efners uit Capelle aan den IJssel herdenken oorlog - Welzijn Capelle","isPartOf":{"@id":"https:\/\/capelle.ratiodesign.dev\/welzijn\/#website"},"primaryImageOfPage":{"@id":"https:\/\/capelle.ratiodesign.dev\/welzijn\/nieuws\/oekrainers-uit-capelle-aan-den-ijssel-herdenken-oorlog\/#primaryimage"},"image":{"@id":"https:\/\/capelle.ratiodesign.dev\/welzijn\/nieuws\/oekrainers-uit-capelle-aan-den-ijssel-herdenken-oorlog\/#primaryimage"},"thumbnailUrl":"https:\/\/capelle.ratiodesign.dev\/welzijn\/wp-content\/uploads\/sites\/9\/2023\/03\/vlag_Oekraine_2.jpg","datePublished":"2023-03-02T09:59:50+00:00","dateModified":"2023-04-06T09:11:01+00:00","breadcrumb":{"@id":"https:\/\/capelle.ratiodesign.dev\/welzijn\/nieuws\/oekrainers-uit-capelle-aan-den-ijssel-herdenken-oorlog\/#breadcrumb"},"inLanguage":"nl-NL","potentialAction":[{"@type":"ReadAction","target":["https:\/\/capelle.ratiodesign.dev\/welzijn\/nieuws\/oekrainers-uit-capelle-aan-den-ijssel-herdenken-oorlog\/"]}]},{"@type":"ImageObject","inLanguage":"nl-NL","@id":"https:\/\/capelle.ratiodesign.dev\/welzijn\/nieuws\/oekrainers-uit-capelle-aan-den-ijssel-herdenken-oorlog\/#primaryimage","url":"https:\/\/capelle.ratiodesign.dev\/welzijn\/wp-content\/uploads\/sites\/9\/2023\/03\/vlag_Oekraine_2.jpg","contentUrl":"https:\/\/capelle.ratiodesign.dev\/welzijn\/wp-content\/uploads\/sites\/9\/2023\/03\/vlag_Oekraine_2.jpg","width":640,"height":427},{"@type":"BreadcrumbList","@id":"https:\/\/capelle.ratiodesign.dev\/welzijn\/nieuws\/oekrainers-uit-capelle-aan-den-ijssel-herdenken-oorlog\/#breadcrumb","itemListElement":[{"@type":"ListItem","position":1,"name":"Home","item":"https:\/\/capelle.ratiodesign.dev\/welzijn\/"},{"@type":"ListItem","position":2,"name":"Oekra\u00efners uit Capelle aan den IJssel herdenken oorlog"}]},{"@type":"WebSite","@id":"https:\/\/capelle.ratiodesign.dev\/welzijn\/#website","url":"https:\/\/capelle.ratiodesign.dev\/welzijn\/","name":"Welzijn Capelle","description":"","publisher":{"@id":"https:\/\/capelle.ratiodesign.dev\/welzijn\/#organization"},"potentialAction":[{"@type":"SearchAction","target":{"@type":"EntryPoint","urlTemplate":"https:\/\/capelle.ratiodesign.dev\/welzijn\/?s={search_term_string}"},"query-input":{"@type":"PropertyValueSpecification","valueRequired":true,"valueName":"search_term_string"}}],"inLanguage":"nl-NL"},{"@type":"Organization","@id":"https:\/\/capelle.ratiodesign.dev\/welzijn\/#organization","name":"Welzijn Capelle","url":"https:\/\/capelle.ratiodesign.dev\/welzijn\/","logo":{"@type":"ImageObject","inLanguage":"nl-NL","@id":"https:\/\/capelle.ratiodesign.dev\/welzijn\/#\/schema\/logo\/image\/","url":"https:\/\/capelle.ratiodesign.dev\/welzijn\/wp-content\/uploads\/sites\/9\/2022\/12\/logo.svg","contentUrl":"https:\/\/capelle.ratiodesign.dev\/welzijn\/wp-content\/uploads\/sites\/9\/2022\/12\/logo.svg","width":1,"height":1,"caption":"Welzijn Capelle"},"image":{"@id":"https:\/\/capelle.ratiodesign.dev\/welzijn\/#\/schema\/logo\/image\/"}},{"@type":"Person","@id":"https:\/\/capelle.ratiodesign.dev\/welzijn\/#\/schema\/person\/fb4ce06452f744ff6b772cb7720e69db","name":"admin","image":{"@type":"ImageObject","inLanguage":"nl-NL","@id":"https:\/\/capelle.ratiodesign.dev\/welzijn\/#\/schema\/person\/image\/","url":"https:\/\/secure.gravatar.com\/avatar\/11bf15cdc3f62ea656bbe95063e2c55fd83c3f9c373f93bbd5692994da015c2b?s=96&d=mm&r=g","contentUrl":"https:\/\/secure.gravatar.com\/avatar\/11bf15cdc3f62ea656bbe95063e2c55fd83c3f9c373f93bbd5692994da015c2b?s=96&d=mm&r=g","caption":"admin"},"url":"https:\/\/capelle.ratiodesign.dev\/welzijn\/nieuws\/author\/admin\/"}]}},"_links":{"self":[{"href":"https:\/\/capelle.ratiodesign.dev\/welzijn\/wp-json\/wp\/v2\/posts\/1044","targetHints":{"allow":["GET"]}}],"collection":[{"href":"https:\/\/capelle.ratiodesign.dev\/welzijn\/wp-json\/wp\/v2\/posts"}],"about":[{"href":"https:\/\/capelle.ratiodesign.dev\/welzijn\/wp-json\/wp\/v2\/types\/post"}],"author":[{"embeddable":true,"href":"https:\/\/capelle.ratiodesign.dev\/welzijn\/wp-json\/wp\/v2\/users\/1"}],"replies":[{"embeddable":true,"href":"https:\/\/capelle.ratiodesign.dev\/welzijn\/wp-json\/wp\/v2\/comments?post=1044"}],"version-history":[{"count":14,"href":"https:\/\/capelle.ratiodesign.dev\/welzijn\/wp-json\/wp\/v2\/posts\/1044\/revisions"}],"predecessor-version":[{"id":2455,"href":"https:\/\/capelle.ratiodesign.dev\/welzijn\/wp-json\/wp\/v2\/posts\/1044\/revisions\/2455"}],"wp:featuredmedia":[{"embeddable":true,"href":"https:\/\/capelle.ratiodesign.dev\/welzijn\/wp-json\/wp\/v2\/media\/1046"}],"wp:attachment":[{"href":"https:\/\/capelle.ratiodesign.dev\/welzijn\/wp-json\/wp\/v2\/media?parent=1044"}],"wp:term":[{"taxonomy":"category","embeddable":true,"href":"https:\/\/capelle.ratiodesign.dev\/welzijn\/wp-json\/wp\/v2\/categories?post=1044"},{"taxonomy":"post_tag","embeddable":true,"href":"https:\/\/capelle.ratiodesign.dev\/welzijn\/wp-json\/wp\/v2\/tags?post=1044"},{"taxonomy":"age","embeddable":true,"href":"https:\/\/capelle.ratiodesign.dev\/welzijn\/wp-json\/wp\/v2\/age?post=1044"},{"taxonomy":"area","embeddable":true,"href":"https:\/\/capelle.ratiodesign.dev\/welzijn\/wp-json\/wp\/v2\/area?post=1044"},{"taxonomy":"theme","embeddable":true,"href":"https:\/\/capelle.ratiodesign.dev\/welzijn\/wp-json\/wp\/v2\/theme?post=1044"}],"curies":[{"name":"wp","href":"https:\/\/api.w.org\/{rel}","templated":true}]}}